{"id":8323,"date":"2020-09-24T16:14:33","date_gmt":"2020-09-24T14:14:33","guid":{"rendered":"https:\/\/blog.gymglish.com\/?p=8323"},"modified":"2023-01-06T16:38:11","modified_gmt":"2023-01-06T15:38:11","slug":"documentaires-apprendre-allemand","status":"publish","type":"post","link":"https:\/\/blog.gymglish.com\/fr\/2020\/09\/24\/documentaires-apprendre-allemand","title":{"rendered":"Cinq documentaires \u00e0 d\u00e9couvrir pour perfectionner votre allemand"},"content":{"rendered":"\n<p class=\"wp-block-paragraph\"><strong>Si vous avez envie d&#8217;enrichir votre culture g\u00e9n\u00e9rale tout en am\u00e9liorant votre compr\u00e9hension orale en allemand, cet article devrait vous inspirer !<\/strong><\/p>\n\n\n\n<!--more-->\n\n\n\n<p class=\"wp-block-paragraph\">Le saviez-vous ? L\u2019apprentissage d\u2019une langue \u00e9trang\u00e8re passe aussi par le visionnage de <a href=\"https:\/\/blog.gymglish.com\/fr\/2020\/01\/24\/films-pour-apprendre-espagnol\/?rfextension=BLOG\" target=\"_blank\" rel=\"noreferrer noopener\">films<\/a>, de <a href=\"https:\/\/blog.gymglish.com\/fr\/2020\/07\/27\/5-series-pour-apprendre-espagnol\/?rfextension=BLOG\" target=\"_blank\" rel=\"noreferrer noopener\">s\u00e9ries TV<\/a> ou de documentaires en V.O. Ces derniers sont un excellent divertissement ainsi qu\u2019un bon tremplin pour vous impr\u00e9gner de la culture d\u2019un pays, mais aussi pour apprendre de nouvelles expressions idiomatiques et enrichir votre <a href=\"https:\/\/www.gymglish.com\/fr\/wunderbla\/vocabulaire-allemand?rfextension=BLOG\" target=\"_blank\" rel=\"noreferrer noopener\">vocabulaire<\/a>.\u00a0<\/p>\n\n\n\n<p class=\"wp-block-paragraph\">Gymglish a soigneusement s\u00e9lectionn\u00e9 cinq documentaires en allemand pour parfaire votre niveau et d\u00e9velopper votre culture personnelle.<\/p>\n\n\n\n<h2 class=\"wp-block-heading\"><em>Tanztr\u00e4ume<\/em> (2011)<\/h2>\n\n\n\n<p class=\"wp-block-paragraph\"><em>Alors commence la danse. Tanztr\u00e4ume <\/em>(<a href=\"https:\/\/fr.wikipedia.org\/wiki\/Les_R%C3%AAves_dansants._Sur_les_pas_de_Pina_Bausch\" target=\"_blank\" rel=\"noreferrer noopener\"><em>Les r\u00eaves dansants, sur les pas de Pina Bausch<\/em><\/a>) est un documentaire allemand r\u00e9alis\u00e9 par <a href=\"https:\/\/fr.wikipedia.org\/wiki\/Anne_Linsel?rfextension=BLOG\" target=\"_blank\" rel=\"noreferrer noopener\">Anne Linsel<\/a> et Rainer Hoffmann en 2010. Dans cette r\u00e9alisation, vous suivez l\u2019histoire de la c\u00e9l\u00e8bre danseuse et chor\u00e9graphe allemande <a href=\"https:\/\/fr.wikipedia.org\/wiki\/Pina_Bausch?rfextension=BLOG\" target=\"_blank\" rel=\"noreferrer noopener\">Pina Bausch<\/a> qui, quelques mois avant sa mort, d\u00e9cide de reprendre son c\u00e9l\u00e8bre spectacle <a href=\"https:\/\/fr.wikipedia.org\/wiki\/Kontakthof?rfextension=BLOG\" target=\"_blank\" rel=\"noreferrer noopener\"><em>Kontakthof<\/em><\/a>.<\/p>\n\n\n\n<p class=\"wp-block-paragraph\">Pina Bausch est l\u2019artiste qui r\u00e9inventa le ballet en ne respectant aucune norme, si ce n\u2019est la diversit\u00e9. Durant sa carri\u00e8re elle r\u00e9alisa trois versions de sa pi\u00e8ce <em>Kontakthof<\/em>. Une premi\u00e8re version de la pi\u00e8ce (1978) met en sc\u00e8ne les danseurs de la troupe du <em>Tanztheater<\/em>. Une deuxi\u00e8me version (2000) est interpr\u00e9t\u00e9e par des personnes seniors \u00e9trang\u00e8res au monde de la danse.&nbsp;C\u2019est la r\u00e9alisation de la troisi\u00e8me version que vous suivez dans le documentaire <em>Tanztr\u00e4ume. <\/em>Dans cette derni\u00e8re, Pina Bausch met en sc\u00e8ne une cinquantaine d\u2019adolescents (\u00e2g\u00e9s entre 14 et 18 ans) qui n\u2019\u00e9taient jamais mont\u00e9s sur sc\u00e8ne et n\u2019avaient jamais dans\u00e9 auparavant !<\/p>\n\n\n\n<p class=\"wp-block-paragraph\"><strong>Le saviez-vous ?<\/strong> Le tournage n\u00e9cessitait des moyens exceptionnels pour prot\u00e9ger les adolescents : aucune autre \u00e9quipe de tournage et aucune photo ni article de presse \u00e9taient autoris\u00e9s pendant les r\u00e9p\u00e9titions.&nbsp;<\/p>\n\n\n\n<p class=\"wp-block-paragraph\"><strong>Point compr\u00e9hension<\/strong> : c\u2019est bien le langage corporel qui est mis \u00e0 l\u2019honneur, bien plus que le langage parl\u00e9. Les danseuses et danseurs t\u00e9moignent de l\u2019exp\u00e9rience de la danse tout au long du documentaire ;&nbsp; si le d\u00e9bit est trop rapide pour vous, vous pouvez visionner le documentaire en activant les sous-titres (en allemand bien s\u00fbr).<\/p>\n\n\n\n<h2 class=\"wp-block-heading\"><em>Pianomania <\/em>(2009)<\/h2>\n\n\n<div class=\"wp-block-image\">\n<figure class=\"aligncenter size-large is-resized\"><img data-recalc-dims=\"1\" decoding=\"async\" data-attachment-id=\"8329\" data-permalink=\"https:\/\/blog.gymglish.com\/fr\/2020\/09\/24\/documentaires-apprendre-allemand\/attachment\/021665\" data-orig-file=\"https:\/\/i0.wp.com\/blog.gymglish.com\/wp-content\/uploads\/2020\/09\/021665.jpg?fit=1024%2C798&amp;ssl=1\" data-orig-size=\"1024,798\" data-comments-opened=\"1\" data-image-title=\"021665\" data-image-description=\"\" data-image-caption=\"\" data-large-file=\"https:\/\/i0.wp.com\/blog.gymglish.com\/wp-content\/uploads\/2020\/09\/021665.jpg?fit=750%2C584&amp;ssl=1\" src=\"https:\/\/i0.wp.com\/blog.gymglish.com\/wp-content\/uploads\/2020\/09\/021665.jpg?resize=482%2C375&#038;ssl=1\" alt=\"\" class=\"wp-image-8329\" width=\"482\" height=\"375\" srcset=\"https:\/\/i0.wp.com\/blog.gymglish.com\/wp-content\/uploads\/2020\/09\/021665.jpg?w=1024&amp;ssl=1 1024w, https:\/\/i0.wp.com\/blog.gymglish.com\/wp-content\/uploads\/2020\/09\/021665.jpg?resize=300%2C234&amp;ssl=1 300w, https:\/\/i0.wp.com\/blog.gymglish.com\/wp-content\/uploads\/2020\/09\/021665.jpg?resize=768%2C599&amp;ssl=1 768w, https:\/\/i0.wp.com\/blog.gymglish.com\/wp-content\/uploads\/2020\/09\/021665.jpg?resize=642%2C500&amp;ssl=1 642w\" sizes=\"(max-width: 482px) 100vw, 482px\" \/><figcaption>Pianomania, Wildart Film, Oval Film, 2009<\/figcaption><\/figure>\n<\/div>\n\n\n<p class=\"wp-block-paragraph\"><a href=\"https:\/\/fr.wikipedia.org\/wiki\/Pianomania?rfextension=BLOG\" target=\"_blank\" rel=\"noreferrer noopener\"><em>Pianomania<\/em><\/a> est un documentaire germano-autrichien produit en 2009 et r\u00e9alis\u00e9 par <a href=\"https:\/\/fr.wikipedia.org\/wiki\/Lilian_Franck?rfextension=BLOG\" target=\"_blank\" rel=\"noreferrer noopener\">Lilian Franck<\/a> et <a href=\"https:\/\/fr.wikipedia.org\/wiki\/Robert_Cibis?rfextension=BLOG\" target=\"_blank\" rel=\"noreferrer noopener\">Robert Cibis<\/a>. Le film relate l\u2019histoire d\u2019une passion qu\u2019ont pour la musique, des pianistes et un accordeur.\u00a0<\/p>\n\n\n\n<p class=\"wp-block-paragraph\"><em>Pianomania<\/em> accompagne avec beaucoup d\u2019humour le ma\u00eetre accordeur Stefan Kn\u00fcpfer dans son travail extraordinaire au c\u00f4t\u00e9 de grands pianistes comme <a href=\"https:\/\/fr.wikipedia.org\/wiki\/Pierre-Laurent_Aimard?rfextension=BLOG\" target=\"_blank\" rel=\"noreferrer noopener\">Pierre-Laurent Aimard<\/a>, <a href=\"https:\/\/fr.wikipedia.org\/wiki\/Lang_Lang?rfextension=BLOG\" target=\"_blank\" rel=\"noreferrer noopener\">Lang Lang<\/a>, ou encore <a href=\"https:\/\/fr.wikipedia.org\/wiki\/Alfred_Brendel?rfextension=BLOG\" target=\"_blank\" rel=\"noreferrer noopener\">Alfred Brendel<\/a>. Dans ce documentaire, on suit notamment Stefan Kn\u00fcpfer pendant un an lors de la pr\u00e9paration d\u2019un enregistrement hors du commun de Pierre-Laurent Aimard, <em>l\u2019Art de la Fugue<\/em> de Bach.<\/p>\n\n\n\n<p class=\"wp-block-paragraph\"><strong>Le saviez-vous ? <\/strong> Le documentaire a re\u00e7u une pluie de r\u00e9compenses, parmi elles le <em>Deutscher Filmpreis<\/em> dans la cat\u00e9gorie du meilleur son en 2011.<\/p>\n\n\n\n<p class=\"wp-block-paragraph\"><strong>Point compr\u00e9hension<\/strong> : les r\u00e9alisateurs n&#8217;ont pas h\u00e9sit\u00e9 \u00e0 employer des termes musicaux assez techniques pouvant rendre le visionnage en version originale complexe \u00e0 suivre. Aidez-vous des sous-titres si la compr\u00e9hension s\u2019av\u00e8re trop complexe, sans oublier d\u2019appr\u00e9cier la musique !<\/p>\n\n\n\n<p class=\"wp-block-paragraph\"><br><\/p>\n\n\n\n<div class=\"wp-block-group a9-card-cta\"><div class=\"wp-block-group__inner-container is-layout-flow wp-block-group-is-layout-flow\">\n<h2 class=\"has-text-align-center wp-block-heading\" style=\"font-size:32px;font-style:normal;font-weight:300\">Apprenez l&#8217;allemand avec Wunderbla \ud83c\udde9\ud83c\uddea<\/h2>\n\n\n\n<div class=\"wp-block-buttons is-content-justification-center is-layout-flex wp-container-core-buttons-is-layout-fe48e5de wp-block-buttons-is-layout-flex\">\n<div class=\"wp-block-button has-custom-font-size is-style-fill btn-colorful btn-colorful-wb\" style=\"font-size:16px\"><a class=\"wp-block-button__link\" href=\"https:\/\/www.gymglish.com\/fr\/wunderbla\/test-gratuit?rfextension=BLOG-CTA\" style=\"border-radius:50px\" target=\"_blank\" rel=\"noreferrer noopener\">TESTEZ GRATUITEMENT<\/a><\/div>\n<\/div>\n<\/div><\/div>\n\n\n\n<p class=\"wp-block-paragraph\"><br><\/p>\n\n\n\n<h2 class=\"wp-block-heading\"><em>Beuys <\/em>(2017)<\/h2>\n\n\n\n<p class=\"wp-block-paragraph\">Comment tirer le portrait de l\u2019agitateur le plus prolifique du monde culturel ? C\u2019est le pari r\u00e9ussi du r\u00e9alisateur <a href=\"https:\/\/fr.wikipedia.org\/wiki\/Andres_Veiel?rfextension=BLOG\" target=\"_blank\" rel=\"noreferrer noopener\">Andres Veiel<\/a> avec son documentaire <a href=\"https:\/\/fr.wikipedia.org\/wiki\/Beuys_(film)?rfextension=BLOG\" target=\"_blank\" rel=\"noreferrer noopener\"><em>Beuys<\/em><\/a> r\u00e9alis\u00e9 en 2017. Le documentaire a obtenu le prix du meilleur film documentaire et meilleur montage en 2018 lors de la 68e c\u00e9r\u00e9monie du Deutscher Filmpreis.<\/p>\n\n\n\n<p class=\"wp-block-paragraph\">Dans cet \u0153uvre, vous d\u00e9couvrez la vie mouvement\u00e9e de l\u2019artiste allemand <a href=\"https:\/\/fr.wikipedia.org\/wiki\/Joseph_Beuys?rfextension=BLOG\" target=\"_blank\" rel=\"noreferrer noopener\">Joseph Beuys<\/a>, \u00e0 l\u2019origine de nombreux dessins, sculptures, performances et happenings. Surnomm\u00e9 \u201cl\u2019homme au chapeau-feutre\u201d, Beuys \u00e9tait l\u2019une des personnalit\u00e9s les plus influentes du XX\u1d49 si\u00e8cle et le premier artiste allemand \u00e0 pr\u00e9senter une exposition solo au mus\u00e9e Guggenheim de New York.<\/p>\n\n\n\n<p class=\"wp-block-paragraph\">Le r\u00e9alisateur \u00e9tait d\u00e9sireux de montrer le charisme de l\u2019artiste et \u00e0 quel point il accordait une place \u00e0 l\u2019humour dans ses performances. Pour cela, il a utilis\u00e9 des bandes audios et des s\u00e9quences vid\u00e9os in\u00e9dites de Joseph Beuys.&nbsp;<\/p>\n\n\n\n<p class=\"wp-block-paragraph\"><strong>Le saviez-vous ?<\/strong> Joseph Beuys consent \u00e0 \u00eatre photographi\u00e9 sans son chapeau peu de temps avant sa mort en 1986. <\/p>\n\n\n\n<h2 class=\"wp-block-heading\"><em>Berlin: Die Sinfonie der Gro\u00dfstadt <\/em>(1927)<\/h2>\n\n\n\n<p class=\"wp-block-paragraph\"><em>Berlin: Die Sinfonie der Gro\u00dfstadt <\/em>(<a href=\"https:\/\/fr.wikipedia.org\/wiki\/Berlin,_symphonie_d'une_grande_ville\" target=\"_blank\" rel=\"noreferrer noopener\"><em>Berlin, symphonie d\u2019une grande ville<\/em><\/a>) a \u00e9t\u00e9 r\u00e9alis\u00e9 en 1927 par <a href=\"https:\/\/fr.wikipedia.org\/wiki\/Walter_Ruttmann?rfextension=BLOG\" target=\"_blank\" rel=\"noreferrer noopener\">Walter Ruttmann<\/a>, et aborde po\u00e9tiquement le quotidien des berlinois pendant l\u2019entre-deux-guerres.<\/p>\n\n\n\n<p class=\"wp-block-paragraph\">Baptis\u00e9 comme la toute premi\u00e8re \u201d<a href=\"https:\/\/fr.wikipedia.org\/wiki\/%C5%92uvre_d%27art_totale?rfextension=BLOG\" target=\"_blank\" rel=\"noreferrer noopener\">\u0153uvre d&#8217;art totale<\/a>\u201d de l&#8217;histoire du cin\u00e9ma, ce documentaire est n\u00e9 d\u2019une id\u00e9e du sc\u00e9nariste <a href=\"https:\/\/fr.wikipedia.org\/wiki\/Carl_Mayer?rfextension=BLOG\" target=\"_blank\" rel=\"noreferrer noopener\">Carl Mayer<\/a>. Au rythme de son pouls, Walter Ruttmann a su cr\u00e9er la plus c\u00e9l\u00e8bre des symphonies urbaines dont la musique originale est compos\u00e9e par <a href=\"https:\/\/fr.wikipedia.org\/wiki\/Edmund_Meisel?rfextension=BLOG\" target=\"_blank\" rel=\"noreferrer noopener\">Edmund Meisel<\/a>. Cette \u0153uvre cin\u00e9matographique dessine une journ\u00e9e ordinaire \u00e0 Berlin \u00e0 l\u2019\u00e9poque de Weimar : le documentaire commence lorsque la ville s\u2019\u00e9veille, les machines et les Berlinois.es entrent en action, et ce jusqu\u2019au coucher du soleil. Le r\u00e9alisateur\u00a0utilise plusieurs techniques de tournage et de montage que l\u2019on pourrait aujourd\u2019hui associer au \u201c<em>time-laspe<\/em>\u201d. Ce proc\u00e9d\u00e9, coupl\u00e9 \u00e0 une bande son originale, \u00e9tait r\u00e9volutionnaire pour l\u2019\u00e9poque.<\/p>\n\n\n\n<p class=\"wp-block-paragraph\"><strong>Le saviez-vous ?<\/strong> Lors de la premi\u00e8re diffusion du film, un orchestre de plus de 70 musiciens a interpr\u00e9t\u00e9 en direct la partition d\u2019Edmund Meisel, faisant la place \u00e0 ce que l\u2019on nomme aujourd\u2019hui un \u201ccin\u00e9-concert\u201d. Un ph\u00e9nom\u00e8ne rare \u00e0 l\u2019\u00e9poque \u00e0 cause de la technicit\u00e9 que demandait la diffusion du film et la mise en harmonie synchronis\u00e9e de l\u2019orchestre.<\/p>\n\n\n\n<h2 class=\"wp-block-heading\"><em>Intelligente B\u00e4ume <\/em>(2017)<\/h2>\n\n\n<div class=\"wp-block-image\">\n<figure class=\"aligncenter size-large is-resized\"><img data-recalc-dims=\"1\" decoding=\"async\" data-attachment-id=\"8332\" data-permalink=\"https:\/\/blog.gymglish.com\/fr\/2020\/09\/24\/documentaires-apprendre-allemand\/mv5bywjlmdgzowetzwexzs00zdkwlwewmtktmtq3ndu5zmvhmdrjxkeyxkfqcgdeqxryyw5zy29kzs13b3jrzmxvdw-_v1_\" data-orig-file=\"https:\/\/i0.wp.com\/blog.gymglish.com\/wp-content\/uploads\/2020\/09\/MV5BYWJlMDgzOWEtZWExZS00ZDkwLWEwMTktMTQ3NDU5ZmVhMDRjXkEyXkFqcGdeQXRyYW5zY29kZS13b3JrZmxvdw%40%40._V1_.jpg?fit=1280%2C720&amp;ssl=1\" data-orig-size=\"1280,720\" data-comments-opened=\"1\" data-image-title=\"MV5BYWJlMDgzOWEtZWExZS00ZDkwLWEwMTktMTQ3NDU5ZmVhMDRjXkEyXkFqcGdeQXRyYW5zY29kZS13b3JrZmxvdw@@._V1_\" data-image-description=\"\" data-image-caption=\"\" data-large-file=\"https:\/\/i0.wp.com\/blog.gymglish.com\/wp-content\/uploads\/2020\/09\/MV5BYWJlMDgzOWEtZWExZS00ZDkwLWEwMTktMTQ3NDU5ZmVhMDRjXkEyXkFqcGdeQXRyYW5zY29kZS13b3JrZmxvdw%40%40._V1_.jpg?fit=750%2C422&amp;ssl=1\" src=\"https:\/\/i0.wp.com\/blog.gymglish.com\/wp-content\/uploads\/2020\/09\/MV5BYWJlMDgzOWEtZWExZS00ZDkwLWEwMTktMTQ3NDU5ZmVhMDRjXkEyXkFqcGdeQXRyYW5zY29kZS13b3JrZmxvdw%40%40._V1_.jpg?resize=507%2C285&#038;ssl=1\" alt=\"\" class=\"wp-image-8332\" width=\"507\" height=\"285\" srcset=\"https:\/\/i0.wp.com\/blog.gymglish.com\/wp-content\/uploads\/2020\/09\/MV5BYWJlMDgzOWEtZWExZS00ZDkwLWEwMTktMTQ3NDU5ZmVhMDRjXkEyXkFqcGdeQXRyYW5zY29kZS13b3JrZmxvdw%40%40._V1_.jpg?resize=1024%2C576&amp;ssl=1 1024w, https:\/\/i0.wp.com\/blog.gymglish.com\/wp-content\/uploads\/2020\/09\/MV5BYWJlMDgzOWEtZWExZS00ZDkwLWEwMTktMTQ3NDU5ZmVhMDRjXkEyXkFqcGdeQXRyYW5zY29kZS13b3JrZmxvdw%40%40._V1_.jpg?resize=300%2C169&amp;ssl=1 300w, https:\/\/i0.wp.com\/blog.gymglish.com\/wp-content\/uploads\/2020\/09\/MV5BYWJlMDgzOWEtZWExZS00ZDkwLWEwMTktMTQ3NDU5ZmVhMDRjXkEyXkFqcGdeQXRyYW5zY29kZS13b3JrZmxvdw%40%40._V1_.jpg?resize=768%2C432&amp;ssl=1 768w, https:\/\/i0.wp.com\/blog.gymglish.com\/wp-content\/uploads\/2020\/09\/MV5BYWJlMDgzOWEtZWExZS00ZDkwLWEwMTktMTQ3NDU5ZmVhMDRjXkEyXkFqcGdeQXRyYW5zY29kZS13b3JrZmxvdw%40%40._V1_.jpg?resize=889%2C500&amp;ssl=1 889w, https:\/\/i0.wp.com\/blog.gymglish.com\/wp-content\/uploads\/2020\/09\/MV5BYWJlMDgzOWEtZWExZS00ZDkwLWEwMTktMTQ3NDU5ZmVhMDRjXkEyXkFqcGdeQXRyYW5zY29kZS13b3JrZmxvdw%40%40._V1_.jpg?w=1280&amp;ssl=1 1280w\" sizes=\"(max-width: 507px) 100vw, 507px\" \/><figcaption><em>Intelligente B\u00e4ume<\/em>, Dorcon Film, 2017<\/figcaption><\/figure>\n<\/div>\n\n\n<p class=\"wp-block-paragraph\">\u201c<em>Tout amoureux de la nature aurait d\u00fb voir ce film\u201d<\/em> &#8211; Yann Arthus-Bertrand, photographe, journaliste et environnementaliste fran\u00e7ais.<\/p>\n\n\n\n<p class=\"wp-block-paragraph\">Et si vous changiez votre regard sur la nature avec cette prochaine s\u00e9lection ? Le documentaire <em>Intelligente B\u00e4ume<\/em> (<a href=\"https:\/\/www.youtube.com\/watch?v=SsaWujS8jFU?rfextension=BLOG\" target=\"_blank\" rel=\"noreferrer noopener\"><em>L\u2019intelligence des arbres<\/em><\/a>) a \u00e9t\u00e9 r\u00e9alis\u00e9 en 2017 par Julia Dordel et Guido T\u00f6lke. Dans ce documentaire, des chercheurs d\u00e9couvrent que les arbres sont des \u00eatres individuels dot\u00e9s de sentiments et communiquent dans une langue commune \u00e0 travers leur syst\u00e8me souterrain. Avec l\u2019aide de la scientifique foresti\u00e8re canadienne <a href=\"https:\/\/fr.wikipedia.org\/wiki\/Suzanne_Simard?rfextension=BLOG\" target=\"_blank\" rel=\"noreferrer noopener\">Suzanne Simard<\/a> et du forestier et auteur allemand <a href=\"https:\/\/fr.wikipedia.org\/wiki\/Peter_Wohlleben?rfextension=BLOG\" target=\"_blank\" rel=\"noreferrer noopener\">Peter Wohlleben<\/a>, ce documentaire de 45 minutes met en lumi\u00e8re l\u2019importance des d\u00e9couvertes qu\u2019ils s\u2019appr\u00eatent \u00e0 faire.\u00a0Vous d\u00e9couvrirez que les arbres sont des \u00eatres sociaux qui ressentent la peur, communiquent, s\u2019entraident, et \u00e9voluent dans un syst\u00e8me o\u00f9 les plus \u00e2g\u00e9s prennent soin des plus jeunes.\u00a0<\/p>\n\n\n\n<p class=\"wp-block-paragraph\"><strong>Le saviez-vous ?<\/strong><em> Intelligente B\u00e4ume <\/em>a \u00e9t\u00e9 tourn\u00e9 en Allemagne et au Canada, plus pr\u00e9cis\u00e9ment dans les for\u00eats de H\u00fcmmel (Eifel, au sud de Cologne), Forst Rundshorn (au nord-est d\u2019Hanovre) et Lighthouse Park (dans un quartier r\u00e9sidentiel de West Vancouver).<\/p>\n\n\n\n<h2 class=\"wp-block-heading\">Bonus :<em> Winter ad\u00e9 <\/em>(1989)<\/h2>\n\n\n\n<p class=\"wp-block-paragraph\">Nous terminons cette liste de documentaires avec <em>Winter ad\u00e9<\/em> (<a href=\"http:\/\/www.allocine.fr\/video\/player_gen_cmedia=19586349&amp;cfilm=123699.html\" target=\"_blank\" rel=\"noreferrer noopener\"><em>Adieu l\u2019hiver<\/em><\/a>), un film en noir et blanc qui dessine le portrait d\u2019une soci\u00e9t\u00e9 en pleine mutation. Depuis l\u2019ancienne ville mini\u00e8re de Zwickau dans le sud de la RDA, la r\u00e9alisatrice <a href=\"https:\/\/fr.wikipedia.org\/wiki\/Helke_Misselwitz?rfextension=BLOG\" target=\"_blank\" rel=\"noreferrer noopener\">Helke Misselwitz<\/a> voyage en train et part a la rencontre des femmes originaires d\u2019Allemagne de l\u2019Est pour les interroger sur leur vie, leurs frustrations, leurs espoirs et leurs r\u00eaves.<\/p>\n\n\n\n<p class=\"wp-block-paragraph\">Helke Misselwitz est une r\u00e9alisatrice f\u00e9ministe et d&#8217;avant-garde ; son film est l\u2019un des derniers longs m\u00e9trages documentaires produit par la <a href=\"https:\/\/fr.wikipedia.org\/wiki\/Deutsche_Film_AG?rfextension=BLOG\" target=\"_blank\" rel=\"noreferrer noopener\">DEFA<\/a>, le studio public de l\u2019Allemagne de l\u2019Est. Il dresse un portrait collectif universel des femmes de tout \u00e2ge et\u00a0 toute classe sociale.\u00a0<br><\/p>\n\n\n\n<p class=\"wp-block-paragraph\"><em>Envie de visionner ces documentaires sans sous-titres ? Testez gratuitement et sans engagement nos <\/em><a href=\"https:\/\/www.gymglish.com\/fr\/wunderbla?rfextension=BLOG\" target=\"_blank\" rel=\"noreferrer noopener\"><em>cours d\u2019allemand<\/em><\/a><em> en ligne Wunderbla : des le\u00e7ons fun, concises et personnalis\u00e9es pour parfaire vos comp\u00e9tences en allemand en seulement 10 minutes par jour.<\/em><\/p>\n\n\n\n<p class=\"wp-block-paragraph\"><br><\/p>\n\n\n\n<div class=\"wp-block-group a9-card-cta\"><div class=\"wp-block-group__inner-container is-layout-flow wp-block-group-is-layout-flow\">\n<h2 class=\"has-text-align-center wp-block-heading\" style=\"font-size:32px;font-style:normal;font-weight:300\">Apprenez l&#8217;allemand avec Wunderbla \ud83c\udde9\ud83c\uddea<\/h2>\n\n\n\n<div class=\"wp-block-buttons is-content-justification-center is-layout-flex wp-container-core-buttons-is-layout-fe48e5de wp-block-buttons-is-layout-flex\">\n<div class=\"wp-block-button has-custom-font-size is-style-fill btn-colorful btn-colorful-wb\" style=\"font-size:16px\"><a class=\"wp-block-button__link\" href=\"https:\/\/www.gymglish.com\/fr\/wunderbla\/test-gratuit?rfextension=BLOG-CTA\" style=\"border-radius:50px\" target=\"_blank\" rel=\"noreferrer noopener\">TESTEZ GRATUITEMENT<\/a><\/div>\n<\/div>\n<\/div><\/div>\n\n\n\n<p class=\"wp-block-paragraph\"><br><\/p>\n\n\n\n<p class=\"wp-block-paragraph\"><strong>Lire aussi sur le m\u00eame sujet :<\/strong><\/p>\n\n\n\n<ul class=\"wp-block-list\"><li><a rel=\"noreferrer noopener\" href=\"https:\/\/blog.gymglish.com\/fr\/2020\/02\/19\/cinq-films-pour-apprendre-lallemand\/\" target=\"_blank\">Cinq films pour apprendre l\u2019allemand<\/a><\/li><li><a rel=\"noreferrer noopener\" href=\"https:\/\/blog.gymglish.com\/fr\/2020\/04\/29\/chansons-pour-apprendre-allemand\/\" target=\"_blank\">5 chansons pour apprendre l\u2019allemand<\/a><\/li><li><a href=\"https:\/\/blog.gymglish.com\/fr\/2020\/12\/10\/cinq-podcasts-pour-apprendre-allemand\/\" target=\"_blank\" rel=\"noreferrer noopener\">Cinq podcasts pour am\u00e9liorer son allemand et sa compr\u00e9hension orale<\/a><\/li><li><a href=\"https:\/\/blog.gymglish.com\/fr\/2020\/06\/02\/series-apprendre-allemand\/\" target=\"_blank\" rel=\"noreferrer noopener\">5 s\u00e9ries cultes pour apprendre l\u2019allemand<\/a><\/li><li><a href=\"https:\/\/blog.gymglish.com\/fr\/2020\/10\/06\/cinq-livres-pour-apprendre-allemand\/\" target=\"_blank\" rel=\"noreferrer noopener\">Notre s\u00e9lection de cinq  livres pour apprendre l&#8217;allemand<\/a><\/li><li><a href=\"https:\/\/blog.gymglish.com\/fr\/2020\/11\/12\/5-specialites-gastronomiques-allemandes\/\" target=\"_blank\" rel=\"noreferrer noopener\">5 sp\u00e9cialit\u00e9s allemandes \u00e0 tester \u201ctout de schnell\u201d<\/a><\/li><li><a href=\"https:\/\/blog.gymglish.com\/fr\/2021\/01\/28\/10-insultes-en-allemand\/\" target=\"_blank\" rel=\"noreferrer noopener\">10\u200c \u200cinsultes\u200c \u200cen\u200c \u200callemand\u200c \u200cpour\u200c \u200cjurer\u200c \u200cavec\u200c style<\/a><\/li><\/ul>\n","protected":false},"excerpt":{"rendered":"<p>Si vous avez envie d&#8217;enrichir votre culture g\u00e9n\u00e9rale tout en am\u00e9liorant votre compr\u00e9hension orale en allemand, cet article devrait vous inspirer !<\/p>\n<a href=\"https:\/\/blog.gymglish.com\/fr\/2020\/09\/24\/documentaires-apprendre-allemand\" class=\"more-link\">Lire la suite...<\/a>","protected":false},"author":151524248,"featured_media":6375,"comment_status":"open","ping_status":"open","sticky":false,"template":"","format":"standard","meta":{"_jetpack_newsletter_access":"","_jetpack_dont_email_post_to_subs":false,"_jetpack_newsletter_tier_id":0,"_jetpack_memberships_contains_paywalled_content":false,"_wpcom_ai_launchpad_first_post":false,"_jetpack_feature_clip_id":0,"_jetpack_memberships_contains_paid_content":false,"footnotes":"","jetpack_post_was_ever_published":false},"categories":[670778884,670778860],"tags":[],"class_list":["post-8323","post","type-post","status-publish","format-standard","has-post-thumbnail","hentry","category-learning-things-fr","category-par-gymglish","col-xs-12 col-sm-6 col-md-4"],"yoast_head":"<!-- This site is optimized with the Yoast SEO plugin v28.4 - https:\/\/yoast.com\/product\/yoast-seo-wordpress\/ -->\n<title>5 documentaires pour parfaire votre allemand - The Gymglish blog<\/title>\n<meta name=\"description\" content=\"Les documentaires en VO sont utiles pour vous impr\u00e9gner de la culture allemandemais et pour apprendre de nouvelles expressions idiomatiques.\" \/>\n<meta name=\"robots\" content=\"index, follow, max-snippet:-1, max-image-preview:large, max-video-preview:-1\" \/>\n<link rel=\"canonical\" href=\"https:\/\/blog.gymglish.com\/fr\/2020\/09\/24\/documentaires-apprendre-allemand\" \/>\n<meta property=\"og:locale\" content=\"fr_FR\" \/>\n<meta property=\"og:type\" content=\"article\" \/>\n<meta property=\"og:title\" content=\"5 documentaires pour parfaire votre allemand - The Gymglish blog\" \/>\n<meta property=\"og:description\" content=\"Les documentaires en VO sont utiles pour vous impr\u00e9gner de la culture allemandemais et pour apprendre de nouvelles expressions idiomatiques.\" \/>\n<meta property=\"og:url\" content=\"https:\/\/blog.gymglish.com\/fr\/2020\/09\/24\/documentaires-apprendre-allemand\" \/>\n<meta property=\"og:site_name\" content=\"The Gymglish blog\" \/>\n<meta property=\"article:published_time\" content=\"2020-09-24T14:14:33+00:00\" \/>\n<meta property=\"article:modified_time\" content=\"2023-01-06T15:38:11+00:00\" \/>\n<meta property=\"og:image\" content=\"https:\/\/blog.gymglish.com\/wp-content\/uploads\/2020\/04\/wb_brandebourg_door.jpg\" \/>\n\t<meta property=\"og:image:width\" content=\"960\" \/>\n\t<meta property=\"og:image:height\" content=\"640\" \/>\n\t<meta property=\"og:image:type\" content=\"image\/jpeg\" \/>\n<meta name=\"author\" content=\"Gymglish\" \/>\n<meta name=\"twitter:card\" content=\"summary_large_image\" \/>\n<meta name=\"twitter:label1\" content=\"\u00c9crit par\" \/>\n\t<meta name=\"twitter:data1\" content=\"Gymglish\" \/>\n\t<meta name=\"twitter:label2\" content=\"Dur\u00e9e de lecture estim\u00e9e\" \/>\n\t<meta name=\"twitter:data2\" content=\"7 minutes\" \/>\n<!-- \/ Yoast SEO plugin. -->","yoast_head_json":{"title":"5 documentaires pour parfaire votre allemand - The Gymglish blog","description":"Les documentaires en VO sont utiles pour vous impr\u00e9gner de la culture allemandemais et pour apprendre de nouvelles expressions idiomatiques.","robots":{"index":"index","follow":"follow","max-snippet":"max-snippet:-1","max-image-preview":"max-image-preview:large","max-video-preview":"max-video-preview:-1"},"canonical":"https:\/\/blog.gymglish.com\/fr\/2020\/09\/24\/documentaires-apprendre-allemand","og_locale":"fr_FR","og_type":"article","og_title":"5 documentaires pour parfaire votre allemand - The Gymglish blog","og_description":"Les documentaires en VO sont utiles pour vous impr\u00e9gner de la culture allemandemais et pour apprendre de nouvelles expressions idiomatiques.","og_url":"https:\/\/blog.gymglish.com\/fr\/2020\/09\/24\/documentaires-apprendre-allemand","og_site_name":"The Gymglish blog","article_published_time":"2020-09-24T14:14:33+00:00","article_modified_time":"2023-01-06T15:38:11+00:00","og_image":[{"width":960,"height":640,"url":"https:\/\/blog.gymglish.com\/wp-content\/uploads\/2020\/04\/wb_brandebourg_door.jpg","type":"image\/jpeg"}],"author":"Gymglish","twitter_card":"summary_large_image","twitter_misc":{"\u00c9crit par":"Gymglish","Dur\u00e9e de lecture estim\u00e9e":"7 minutes"},"schema":{"@context":"https:\/\/schema.org","@graph":[{"@type":"Article","@id":"https:\/\/blog.gymglish.com\/fr\/2020\/09\/24\/documentaires-apprendre-allemand#article","isPartOf":{"@id":"https:\/\/blog.gymglish.com\/fr\/2020\/09\/24\/documentaires-apprendre-allemand"},"author":{"name":"Gymglish","@id":"https:\/\/blog.gymglish.com\/#\/schema\/person\/4c136ff52a68c7ad4668c3f89546fd61"},"headline":"Cinq documentaires \u00e0 d\u00e9couvrir pour perfectionner votre allemand","datePublished":"2020-09-24T14:14:33+00:00","dateModified":"2023-01-06T15:38:11+00:00","mainEntityOfPage":{"@id":"https:\/\/blog.gymglish.com\/fr\/2020\/09\/24\/documentaires-apprendre-allemand"},"wordCount":1429,"commentCount":0,"image":{"@id":"https:\/\/blog.gymglish.com\/fr\/2020\/09\/24\/documentaires-apprendre-allemand#primaryimage"},"thumbnailUrl":"https:\/\/i0.wp.com\/blog.gymglish.com\/wp-content\/uploads\/2020\/04\/wb_brandebourg_door.jpg?fit=960%2C640&ssl=1","articleSection":["Learning Things","par Gymglish"],"inLanguage":"fr-FR","potentialAction":[{"@type":"CommentAction","name":"Comment","target":["https:\/\/blog.gymglish.com\/fr\/2020\/09\/24\/documentaires-apprendre-allemand#respond"]}]},{"@type":"WebPage","@id":"https:\/\/blog.gymglish.com\/fr\/2020\/09\/24\/documentaires-apprendre-allemand","url":"https:\/\/blog.gymglish.com\/fr\/2020\/09\/24\/documentaires-apprendre-allemand","name":"5 documentaires pour parfaire votre allemand - The Gymglish blog","isPartOf":{"@id":"https:\/\/blog.gymglish.com\/#website"},"primaryImageOfPage":{"@id":"https:\/\/blog.gymglish.com\/fr\/2020\/09\/24\/documentaires-apprendre-allemand#primaryimage"},"image":{"@id":"https:\/\/blog.gymglish.com\/fr\/2020\/09\/24\/documentaires-apprendre-allemand#primaryimage"},"thumbnailUrl":"https:\/\/i0.wp.com\/blog.gymglish.com\/wp-content\/uploads\/2020\/04\/wb_brandebourg_door.jpg?fit=960%2C640&ssl=1","datePublished":"2020-09-24T14:14:33+00:00","dateModified":"2023-01-06T15:38:11+00:00","author":{"@id":"https:\/\/blog.gymglish.com\/#\/schema\/person\/4c136ff52a68c7ad4668c3f89546fd61"},"description":"Les documentaires en VO sont utiles pour vous impr\u00e9gner de la culture allemandemais et pour apprendre de nouvelles expressions idiomatiques.","breadcrumb":{"@id":"https:\/\/blog.gymglish.com\/fr\/2020\/09\/24\/documentaires-apprendre-allemand#breadcrumb"},"inLanguage":"fr-FR","potentialAction":[{"@type":"ReadAction","target":["https:\/\/blog.gymglish.com\/fr\/2020\/09\/24\/documentaires-apprendre-allemand"]}]},{"@type":"ImageObject","inLanguage":"fr-FR","@id":"https:\/\/blog.gymglish.com\/fr\/2020\/09\/24\/documentaires-apprendre-allemand#primaryimage","url":"https:\/\/i0.wp.com\/blog.gymglish.com\/wp-content\/uploads\/2020\/04\/wb_brandebourg_door.jpg?fit=960%2C640&ssl=1","contentUrl":"https:\/\/i0.wp.com\/blog.gymglish.com\/wp-content\/uploads\/2020\/04\/wb_brandebourg_door.jpg?fit=960%2C640&ssl=1","width":960,"height":640},{"@type":"BreadcrumbList","@id":"https:\/\/blog.gymglish.com\/fr\/2020\/09\/24\/documentaires-apprendre-allemand#breadcrumb","itemListElement":[{"@type":"ListItem","position":1,"name":"Home","item":"https:\/\/blog.gymglish.com\/fr"},{"@type":"ListItem","position":2,"name":"par Gymglish","item":"https:\/\/blog.gymglish.com\/fr\/category\/par-gymglish\/"},{"@type":"ListItem","position":3,"name":"Cinq documentaires \u00e0 d\u00e9couvrir pour perfectionner votre allemand"}]},{"@type":"WebSite","@id":"https:\/\/blog.gymglish.com\/#website","url":"https:\/\/blog.gymglish.com\/","name":"The Gymglish blog","description":"","potentialAction":[{"@type":"SearchAction","target":{"@type":"EntryPoint","urlTemplate":"https:\/\/blog.gymglish.com\/?s={search_term_string}"},"query-input":{"@type":"PropertyValueSpecification","valueRequired":true,"valueName":"search_term_string"}}],"inLanguage":"fr-FR"},{"@type":"Person","@id":"https:\/\/blog.gymglish.com\/#\/schema\/person\/4c136ff52a68c7ad4668c3f89546fd61","name":"Gymglish","image":{"@type":"ImageObject","inLanguage":"fr-FR","@id":"https:\/\/secure.gravatar.com\/avatar\/0c11fffd2afa4dd8657d1c88cd35a1d1a98af54dfc2cf560347909a3cd2fab8f?s=96&d=identicon&r=g","url":"https:\/\/secure.gravatar.com\/avatar\/0c11fffd2afa4dd8657d1c88cd35a1d1a98af54dfc2cf560347909a3cd2fab8f?s=96&d=identicon&r=g","contentUrl":"https:\/\/secure.gravatar.com\/avatar\/0c11fffd2afa4dd8657d1c88cd35a1d1a98af54dfc2cf560347909a3cd2fab8f?s=96&d=identicon&r=g","caption":"Gymglish"},"description":"Laugh while you learn. Gymglish creates adaptive learning courses for languages and more. Our goal: your motivation, participation and progress.","sameAs":["http:\/\/bloggymglish.wordpress.com"],"url":"https:\/\/blog.gymglish.com\/fr\/author\/gymglishblog"}]}},"jetpack_sharing_enabled":true,"jetpack_featured_media_url":"https:\/\/i0.wp.com\/blog.gymglish.com\/wp-content\/uploads\/2020\/04\/wb_brandebourg_door.jpg?fit=960%2C640&ssl=1","_links":{"self":[{"href":"https:\/\/blog.gymglish.com\/fr\/wp-json\/wp\/v2\/posts\/8323","targetHints":{"allow":["GET"]}}],"collection":[{"href":"https:\/\/blog.gymglish.com\/fr\/wp-json\/wp\/v2\/posts"}],"about":[{"href":"https:\/\/blog.gymglish.com\/fr\/wp-json\/wp\/v2\/types\/post"}],"author":[{"embeddable":true,"href":"https:\/\/blog.gymglish.com\/fr\/wp-json\/wp\/v2\/users\/151524248"}],"replies":[{"embeddable":true,"href":"https:\/\/blog.gymglish.com\/fr\/wp-json\/wp\/v2\/comments?post=8323"}],"version-history":[{"count":34,"href":"https:\/\/blog.gymglish.com\/fr\/wp-json\/wp\/v2\/posts\/8323\/revisions"}],"predecessor-version":[{"id":30571,"href":"https:\/\/blog.gymglish.com\/fr\/wp-json\/wp\/v2\/posts\/8323\/revisions\/30571"}],"wp:featuredmedia":[{"embeddable":true,"href":"https:\/\/blog.gymglish.com\/fr\/wp-json\/wp\/v2\/media\/6375"}],"wp:attachment":[{"href":"https:\/\/blog.gymglish.com\/fr\/wp-json\/wp\/v2\/media?parent=8323"}],"wp:term":[{"taxonomy":"category","embeddable":true,"href":"https:\/\/blog.gymglish.com\/fr\/wp-json\/wp\/v2\/categories?post=8323"},{"taxonomy":"post_tag","embeddable":true,"href":"https:\/\/blog.gymglish.com\/fr\/wp-json\/wp\/v2\/tags?post=8323"}],"curies":[{"name":"wp","href":"https:\/\/api.w.org\/{rel}","templated":true}]}}