{"id":3497,"date":"2019-10-02T12:02:58","date_gmt":"2019-10-02T10:02:58","guid":{"rendered":"https:\/\/blog.gymglish.com\/?p=3497"},"modified":"2022-11-29T15:49:40","modified_gmt":"2022-11-29T14:49:40","slug":"lorthographe-veneration-discrimination","status":"publish","type":"post","link":"https:\/\/blog.gymglish.com\/fr\/2019\/10\/02\/lorthographe-veneration-discrimination","title":{"rendered":"L&#8217;orthographe, de la v\u00e9n\u00e9ration \u00e0 la discrimination"},"content":{"rendered":"\n<p><em><a rel=\"noreferrer noopener\" href=\"https:\/\/www.lesechos.fr\/idees-debats\/cercle\/lorthographe-de-la-veneration-a-la-discrimination-1136302\" target=\"_blank\">Tribune publi\u00e9e le 01\/10\/19 par Les Echos.<\/a><\/em><\/p>\n\n\n\n<p>L&#8217;\u00e9l\u00e9vation de l&#8217;orthographe comme valeur absolue a pour effet d&#8217;exclure les Fran\u00e7ais qui font trop de fautes. Pour Benjamin Levy, co-fondateur de Gymglish, il faut d\u00e9passionner le d\u00e9bat et se remettre \u00e0 niveau, avec pragmatisme et humilit\u00e9.<\/p>\n\n\n\n<!--more-->\n\n\n\n<p>A la rentr\u00e9e et comme chaque ann\u00e9e, le d\u00e9bat sur l&#8217;orthographe revient avec le m\u00eame&nbsp;constat&nbsp;: le niveau des Fran\u00e7ais baisse inexorablement. Si tout le monde&nbsp;s&#8217;accorde sur ce diagnostic et la gravit\u00e9 du probl\u00e8me, les divergences sont en revanche&nbsp;nombreuses sur son traitement. Les uns crient au scandale car les jeunes seraient de plus&nbsp;en plus nuls et indiff\u00e9rents \u00e0 l&#8217;orthographe, l&#8217;Education nationale serait trop laxiste, les&nbsp;nouvelles technologies aggraveraient les choses et la langue fran\u00e7aise serait en d\u00e9clin.<\/p>\n\n\n\n<p>Les&nbsp;autres d\u00e9noncent un exc\u00e8s de conservatisme, une langue fran\u00e7aise trop difficile \u00e0 \u00e9crire, qui&nbsp;discrimine, qu&#8217;on se refuse \u00e0 simplifier &#8211; comme en t\u00e9moigne l&#8217;\u00e9chec de la r\u00e9forme de 1990, appliqu\u00e9e partiellement en 2016, qui ne concerne que tr\u00e8s peu de r\u00e8gles ou mots de&nbsp;vocabulaire et qui complique plus qu&#8217;elle ne simplifie. La controverse perdure, s&#8217;amplifie, les&nbsp;experts s&#8217;\u00e9charpent et en attendant, notre niveau d&#8217;orthographe continue de baisser.<\/p>\n\n\n\n<h3 class=\"wp-block-heading\">Un peu d&#8217;humilit\u00e9<\/h3>\n\n\n\n<p>Aborde-t-on ce probl\u00e8me sous son meilleur angle&nbsp;? Effectivement, l&#8217;orthographe discrimine, elle exclut m\u00eame,&nbsp;<a href=\"https:\/\/www.lesechos.fr\/2016\/05\/lorthographe-cet-autre-frein-a-lembauche-210480\" target=\"_blank\" rel=\"noreferrer noopener\" aria-label=\" (opens in a new tab)\">\u00e0 l&#8217;embauche,<\/a>&nbsp;au travail et partout dans la vie sociale, en ligne comme&nbsp;hors ligne. Cette discrimination n&#8217;est-elle pas notre probl\u00e8me le plus grave&nbsp;? Plut\u00f4t que de&nbsp;se r\u00e9volter contre les jeunes, les moins jeunes, les profs, l&#8217;Education nationale, les laxistes, les conservateurs, les technophiles, les technophobes et au passage de discriminer encore&nbsp;davantage, ne serait-il pas plus efficace de se r\u00e9volter tous ensemble contre la&nbsp;discrimination&nbsp;?<\/p>\n\n\n\n<p>A la diff\u00e9rence des&nbsp;discriminations dont les femmes, les homosexuels, les \u00e9trangers ou les Fran\u00e7ais d&#8217;origine&nbsp;\u00e9trang\u00e8re (etc.) sont tristement les victimes, la discrimination contre les nuls en orthographe&nbsp;peut \u00eatre combattue de fa\u00e7on individuelle, pragmatique et avec des effets \u00e0 court terme&nbsp;: se (re) mettre \u00e0 niveau.<\/p>\n\n\n\n<p>Commen\u00e7ons par un peu d&#8217;humilit\u00e9, \u00e0 titre individuel. Si nous reconnaissons volontiers avoir&nbsp;un mauvais niveau d&#8217;anglais (collectivement mais aussi individuellement, le cas \u00e9ch\u00e9ant), nous manquons de clairvoyance sur notre niveau d&#8217;orthographe. Dans son livre \u00ab&nbsp;Orthographe en chute, orthographe en chiffres&nbsp;\u00bb, Lo\u00efc Droualli\u00e8re rapporte que 70&nbsp;% \u00e0 80&nbsp;% d&#8217;entre nous pr\u00e9tendons ne jamais commettre, ou rarement, des fautes&nbsp;d&#8217;orthographe. Et nous sommes 85&nbsp;% \u00e0 96&nbsp;% \u00e0 penser qu&#8217;il \u00ab&nbsp;est tr\u00e8s important&nbsp;\u00bb que les&nbsp;\u00e9crits professionnels soient r\u00e9dig\u00e9s sans erreur.<\/p>\n\n\n\n<p>Tr\u00e8s bien. Alors on fustige tous ces gens&nbsp;qui font des fautes, les jeunes, les enfants des autres, les coll\u00e8gues, mais on peine \u00e0 reconna\u00eetre le probl\u00e8me chez soi. Nous faisons tous des fautes, plus ou&nbsp;moins, un jour ou l&#8217;autre, ne serait-ce que par \u00e9tourderie. M\u00eame les journalistes, m\u00eame notre auteur\/\u00e9ditrice en chef en orthographe reste perplexe devant certaines r\u00e8gles.&nbsp;<em>\u00ab&nbsp;L&#8217;orthographe est plus qu&#8217;une mauvaise habitude, c&#8217;est une vanit\u00e9&nbsp;\u00bb<\/em>, disait Raymond&nbsp;Queneau. Un peu d&#8217;humilit\u00e9 et d&#8217;autod\u00e9rision peut avoir un effet inclusif et diminuer cette&nbsp;discrimination.<\/p>\n\n\n\n<h3 class=\"wp-block-heading\">Forte marge de progression<\/h3>\n\n\n\n<p>Bonne nouvelle, plus de 80&nbsp;% des fautes d&#8217;orthographe que nous commettons&nbsp;concernent moins de 20&nbsp;% des points de grammaire. Regardez sur Internet les nombreuses&nbsp;listes des 10, 15 ou 20 fautes d&#8217;orthographe les plus fr\u00e9quemment commises, vous y&nbsp;retrouverez toujours la m\u00eame poign\u00e9e de points p\u00e9dagogiques, et tous ne sont pas des&nbsp;points courants. Essayons par exemple de nous mettre \u00e0 niveau sur les points les plus&nbsp;courants de la langue \u00e9crite, l&#8217;accord des participes pass\u00e9s (pas une mince affaire toutefois), la conjugaison des \u00ab&nbsp;je prends&nbsp;\u00bb avec un \u00ab&nbsp;s&nbsp;\u00bb, des \u00ab&nbsp;je serai&nbsp;\u00bb sans \u00ab&nbsp;s&nbsp;\u00bb au futur, on aura d\u00e9j\u00e0 fait&nbsp;une bonne partie du chemin.<\/p>\n\n\n\n<p>Ne nous m\u00e9prenons pas, il ne s&#8217;agit pas de dire que le fran\u00e7ais&nbsp;n&#8217;est pas si difficile et qu&#8217;il suffit de s&#8217;y mettre. Notre langue est plus difficile que ses soeurs et cousines comme&nbsp;l&#8217;italien, l&#8217;espagnol ou l&#8217;anglais. Mais se (re) mettre \u00e0 niveau en orthographe n&#8217;est pas la&nbsp;montagne impossible \u00e0 franchir qu&#8217;on appr\u00e9hende souvent. Cette montagne nous appara\u00eet&nbsp;en tout cas moins haute que celle de l&#8217;apprentissage de l&#8217;anglais ou d&#8217;une autre langue&nbsp;\u00e9trang\u00e8re.<\/p>\n\n\n\n<p>Une langue n&#8217;est pas l&#8217;addition exhaustive et effrayante de points p\u00e9dagogiques de\u00a0grammaire, de vocabulaire, de syntaxe et d&#8217;orthographe. Une langue c&#8217;est aussi une culture, le t\u00e9moignage vivant de notre histoire, de nos m\u00e9tissages, de nos soci\u00e9t\u00e9s et de nos\u00a0\u00e9poques. R\u00e9jouissons-nous que nos langues \u00e9voluent, que de nouveaux mots et usages\u00a0apparaissent, que nous soyons toujours plus nombreux aujourd&#8217;hui \u00e0 \u00e9crire, sur papier, smartphone et autre. M\u00eame malmen\u00e9e par certains dans son orthographe, la langue\u00a0fran\u00e7aise se porte \u00e0 merveille. Si nous mobilisons l&#8217;engagement social des luttes contre les\u00a0discriminations, si nous faisons preuve d&#8217;un peu plus d&#8217;humilit\u00e9 et de pragmatisme face \u00e0 ce\u00a0probl\u00e8me, nous trouverons peut-\u00eatre un terrain plus fertile pour nous remettre \u00e0 niveau, tous\u00a0ensemble et sans montrer personne du doigt.<\/p>\n\n\n\n<p><br><\/p>\n\n\n\n<div class=\"wp-block-group a9-card-cta\"><div class=\"wp-block-group__inner-container is-layout-flow wp-block-group-is-layout-flow\">\n<h2 class=\"has-text-align-center wp-block-heading\" style=\"font-size:32px;font-style:normal;font-weight:300\">T\u00e9l\u00e9chargez notre livre blanc d\u00e9di\u00e9 \u00e0 l&#8217;orthographe<\/h2>\n\n\n\n<div class=\"wp-block-buttons is-content-justification-center is-layout-flex wp-container-core-buttons-is-layout-16018d1d wp-block-buttons-is-layout-flex\">\n<div class=\"wp-block-button has-custom-font-size is-style-fill btn-colorful btn-colorful-ftq\" style=\"font-size:16px\"><a class=\"wp-block-button__link\" href=\"https:\/\/www.gymglish.com\/static\/pdf\/Livre_Blanc_Gymglish_Orthographe.pdf\" style=\"border-radius:50px\" target=\"_blank\" rel=\"noreferrer noopener\">TELECHARGER<\/a><\/div>\n<\/div>\n<\/div><\/div>\n\n\n\n<p class=\"has-text-align-center\" style=\"font-size:15px\"><a href=\"https:\/\/www.gymglish.com\/fr\/livre-blanc\">ou d\u00e9couvrez tous nos livres blancs<\/a><\/p>\n\n\n\n<p><br><\/p>\n\n\n\n<p><strong>Lire aussi sur le m\u00eame sujet :<\/strong><\/p>\n\n\n\n<ul class=\"wp-block-list\"><li><a rel=\"noreferrer noopener\" href=\"https:\/\/blog.gymglish.com\/fr\/2020\/02\/27\/orthographe-discrimination-et-tabou\/\" target=\"_blank\">Orthographe : entre discrimination et tabou<\/a><\/li><li><a href=\"https:\/\/blog.gymglish.com\/fr\/2020\/12\/02\/tribune-orthographe-image-de-marque-entreprise\/\" target=\"_blank\" rel=\"noreferrer noopener\">L\u2019orthographe\u200c \u200cen\u200c \u200centreprise,\u200c \u200cun\u200c \u200cenjeu\u200c \u200cd\u2019image\u200c \u200cde\u200c \u200cmarque\u200c \u200c<\/a><\/li><li><a href=\"https:\/\/blog.gymglish.com\/fr\/2020\/09\/10\/formation-orthographe-motiver-salaries\/\" target=\"_blank\" rel=\"noreferrer noopener\">Orthographe : motivez vos employ\u00e9\u00b7e\u00b7s \u00e0 s\u2019am\u00e9liorer<\/a><\/li><li><a href=\"https:\/\/blog.gymglish.com\/fr\/2021\/02\/04\/histoire-orthographe-francaise\/\" target=\"_blank\" rel=\"noreferrer noopener\">L\u2019orthographe, une histoire ancienne<\/a><\/li><li><a href=\"https:\/\/blog.gymglish.com\/fr\/2021\/01\/14\/histoire-de-la-langue-francaise\/\" target=\"_blank\" rel=\"noreferrer noopener\">L\u2019histoire de la langue fran\u00e7aise<\/a><\/li><\/ul>\n","protected":false},"excerpt":{"rendered":"<p>Tribune publi\u00e9e le 01\/10\/19 par Les Echos. L&#8217;\u00e9l\u00e9vation de l&#8217;orthographe comme valeur absolue a pour effet d&#8217;exclure les Fran\u00e7ais qui font trop de fautes. Pour Benjamin Levy, co-fondateur de Gymglish, il faut d\u00e9passionner le d\u00e9bat et se remettre \u00e0 niveau, avec pragmatisme et humilit\u00e9.<\/p>\n<a href=\"https:\/\/blog.gymglish.com\/fr\/2019\/10\/02\/lorthographe-veneration-discrimination\" class=\"more-link\">Lire la suite...<\/a>","protected":false},"author":151749457,"featured_media":3501,"comment_status":"open","ping_status":"open","sticky":false,"template":"","format":"standard","meta":{"_jetpack_newsletter_access":"","_jetpack_dont_email_post_to_subs":false,"_jetpack_newsletter_tier_id":0,"_jetpack_memberships_contains_paywalled_content":false,"_jetpack_memberships_contains_paid_content":false,"footnotes":"","jetpack_post_was_ever_published":false},"categories":[670779277,670778860],"tags":[670779227,670778886,670778948,670779231,670779226],"class_list":["post-3497","post","type-post","status-publish","format-standard","has-post-thumbnail","hentry","category-corporate-training-fr","category-par-gymglish","tag-discrimination","tag-francais","tag-frantastique-ortho","tag-langue-francaise","tag-orthographe","col-xs-12 col-sm-6 col-md-4"],"yoast_head":"<!-- This site is optimized with the Yoast SEO plugin v27.4 - https:\/\/yoast.com\/product\/yoast-seo-wordpress\/ -->\n<title>L&#039;orthographe, de v\u00e9n\u00e9ration \u00e0 discrimination - The Gymglish blog<\/title>\n<meta name=\"description\" content=\"Orthographe : pour Benjamin Levy, il faut d\u00e9passionner le d\u00e9bat et se remettre \u00e0 niveau, avec pragmatisme et humilit\u00e9.\" \/>\n<meta name=\"robots\" content=\"index, follow, max-snippet:-1, max-image-preview:large, max-video-preview:-1\" \/>\n<link rel=\"canonical\" href=\"https:\/\/www.lesechos.fr\/idees-debats\/cercle\/lorthographe-de-la-veneration-a-la-discrimination-1136302\" \/>\n<meta property=\"og:locale\" content=\"fr_FR\" \/>\n<meta property=\"og:type\" content=\"article\" \/>\n<meta property=\"og:title\" content=\"L&#039;orthographe, de v\u00e9n\u00e9ration \u00e0 discrimination - The Gymglish blog\" \/>\n<meta property=\"og:description\" content=\"Orthographe : pour Benjamin Levy, il faut d\u00e9passionner le d\u00e9bat et se remettre \u00e0 niveau, avec pragmatisme et humilit\u00e9.\" \/>\n<meta property=\"og:url\" content=\"https:\/\/www.lesechos.fr\/idees-debats\/cercle\/lorthographe-de-la-veneration-a-la-discrimination-1136302\" \/>\n<meta property=\"og:site_name\" content=\"The Gymglish blog\" \/>\n<meta property=\"article:published_time\" content=\"2019-10-02T10:02:58+00:00\" \/>\n<meta property=\"article:modified_time\" content=\"2022-11-29T14:49:40+00:00\" \/>\n<meta property=\"og:image\" content=\"https:\/\/blog.gymglish.com\/wp-content\/uploads\/2019\/10\/Screenshot-2019-10-02-at-9.49.35-AM.png\" \/>\n\t<meta property=\"og:image:width\" content=\"909\" \/>\n\t<meta property=\"og:image:height\" content=\"512\" \/>\n\t<meta property=\"og:image:type\" content=\"image\/png\" \/>\n<meta name=\"author\" content=\"Benjamin\" \/>\n<meta name=\"twitter:card\" content=\"summary_large_image\" \/>\n<meta name=\"twitter:label1\" content=\"\u00c9crit par\" \/>\n\t<meta name=\"twitter:data1\" content=\"Benjamin\" \/>\n\t<meta name=\"twitter:label2\" content=\"Dur\u00e9e de lecture estim\u00e9e\" \/>\n\t<meta name=\"twitter:data2\" content=\"5 minutes\" \/>\n<!-- \/ Yoast SEO plugin. -->","yoast_head_json":{"title":"L'orthographe, de v\u00e9n\u00e9ration \u00e0 discrimination - The Gymglish blog","description":"Orthographe : pour Benjamin Levy, il faut d\u00e9passionner le d\u00e9bat et se remettre \u00e0 niveau, avec pragmatisme et humilit\u00e9.","robots":{"index":"index","follow":"follow","max-snippet":"max-snippet:-1","max-image-preview":"max-image-preview:large","max-video-preview":"max-video-preview:-1"},"canonical":"https:\/\/www.lesechos.fr\/idees-debats\/cercle\/lorthographe-de-la-veneration-a-la-discrimination-1136302","og_locale":"fr_FR","og_type":"article","og_title":"L'orthographe, de v\u00e9n\u00e9ration \u00e0 discrimination - The Gymglish blog","og_description":"Orthographe : pour Benjamin Levy, il faut d\u00e9passionner le d\u00e9bat et se remettre \u00e0 niveau, avec pragmatisme et humilit\u00e9.","og_url":"https:\/\/www.lesechos.fr\/idees-debats\/cercle\/lorthographe-de-la-veneration-a-la-discrimination-1136302","og_site_name":"The Gymglish blog","article_published_time":"2019-10-02T10:02:58+00:00","article_modified_time":"2022-11-29T14:49:40+00:00","og_image":[{"width":909,"height":512,"url":"https:\/\/blog.gymglish.com\/wp-content\/uploads\/2019\/10\/Screenshot-2019-10-02-at-9.49.35-AM.png","type":"image\/png"}],"author":"Benjamin","twitter_card":"summary_large_image","twitter_misc":{"\u00c9crit par":"Benjamin","Dur\u00e9e de lecture estim\u00e9e":"5 minutes"},"schema":{"@context":"https:\/\/schema.org","@graph":[{"@type":"Article","@id":"https:\/\/www.lesechos.fr\/idees-debats\/cercle\/lorthographe-de-la-veneration-a-la-discrimination-1136302#article","isPartOf":{"@id":"https:\/\/blog.gymglish.com\/fr\/2019\/10\/02\/lorthographe-veneration-discrimination"},"author":{"name":"Benjamin","@id":"https:\/\/blog.gymglish.com\/#\/schema\/person\/a431270cd349821a016d691ae91ca440"},"headline":"L&#8217;orthographe, de la v\u00e9n\u00e9ration \u00e0 la discrimination","datePublished":"2019-10-02T10:02:58+00:00","dateModified":"2022-11-29T14:49:40+00:00","mainEntityOfPage":{"@id":"https:\/\/blog.gymglish.com\/fr\/2019\/10\/02\/lorthographe-veneration-discrimination"},"wordCount":1028,"commentCount":0,"image":{"@id":"https:\/\/www.lesechos.fr\/idees-debats\/cercle\/lorthographe-de-la-veneration-a-la-discrimination-1136302#primaryimage"},"thumbnailUrl":"https:\/\/i0.wp.com\/blog.gymglish.com\/wp-content\/uploads\/2019\/10\/Screenshot-2019-10-02-at-9.49.35-AM.png?fit=909%2C512&ssl=1","keywords":["discrimination","Fran\u00e7ais","Frantastique Ortho","Langue fran\u00e7aise","Orthographe"],"articleSection":["Corporate training","par Gymglish"],"inLanguage":"fr-FR","potentialAction":[{"@type":"CommentAction","name":"Comment","target":["https:\/\/www.lesechos.fr\/idees-debats\/cercle\/lorthographe-de-la-veneration-a-la-discrimination-1136302#respond"]}]},{"@type":"WebPage","@id":"https:\/\/blog.gymglish.com\/fr\/2019\/10\/02\/lorthographe-veneration-discrimination","url":"https:\/\/www.lesechos.fr\/idees-debats\/cercle\/lorthographe-de-la-veneration-a-la-discrimination-1136302","name":"L'orthographe, de v\u00e9n\u00e9ration \u00e0 discrimination - The Gymglish blog","isPartOf":{"@id":"https:\/\/blog.gymglish.com\/#website"},"primaryImageOfPage":{"@id":"https:\/\/www.lesechos.fr\/idees-debats\/cercle\/lorthographe-de-la-veneration-a-la-discrimination-1136302#primaryimage"},"image":{"@id":"https:\/\/www.lesechos.fr\/idees-debats\/cercle\/lorthographe-de-la-veneration-a-la-discrimination-1136302#primaryimage"},"thumbnailUrl":"https:\/\/i0.wp.com\/blog.gymglish.com\/wp-content\/uploads\/2019\/10\/Screenshot-2019-10-02-at-9.49.35-AM.png?fit=909%2C512&ssl=1","datePublished":"2019-10-02T10:02:58+00:00","dateModified":"2022-11-29T14:49:40+00:00","author":{"@id":"https:\/\/blog.gymglish.com\/#\/schema\/person\/a431270cd349821a016d691ae91ca440"},"description":"Orthographe : pour Benjamin Levy, il faut d\u00e9passionner le d\u00e9bat et se remettre \u00e0 niveau, avec pragmatisme et humilit\u00e9.","breadcrumb":{"@id":"https:\/\/www.lesechos.fr\/idees-debats\/cercle\/lorthographe-de-la-veneration-a-la-discrimination-1136302#breadcrumb"},"inLanguage":"fr-FR","potentialAction":[{"@type":"ReadAction","target":["https:\/\/www.lesechos.fr\/idees-debats\/cercle\/lorthographe-de-la-veneration-a-la-discrimination-1136302"]}]},{"@type":"ImageObject","inLanguage":"fr-FR","@id":"https:\/\/www.lesechos.fr\/idees-debats\/cercle\/lorthographe-de-la-veneration-a-la-discrimination-1136302#primaryimage","url":"https:\/\/i0.wp.com\/blog.gymglish.com\/wp-content\/uploads\/2019\/10\/Screenshot-2019-10-02-at-9.49.35-AM.png?fit=909%2C512&ssl=1","contentUrl":"https:\/\/i0.wp.com\/blog.gymglish.com\/wp-content\/uploads\/2019\/10\/Screenshot-2019-10-02-at-9.49.35-AM.png?fit=909%2C512&ssl=1","width":909,"height":512},{"@type":"BreadcrumbList","@id":"https:\/\/www.lesechos.fr\/idees-debats\/cercle\/lorthographe-de-la-veneration-a-la-discrimination-1136302#breadcrumb","itemListElement":[{"@type":"ListItem","position":1,"name":"Home","item":"https:\/\/blog.gymglish.com\/fr"},{"@type":"ListItem","position":2,"name":"par Gymglish","item":"https:\/\/blog.gymglish.com\/fr\/category\/par-gymglish\/"},{"@type":"ListItem","position":3,"name":"L&#8217;orthographe, de la v\u00e9n\u00e9ration \u00e0 la discrimination"}]},{"@type":"WebSite","@id":"https:\/\/blog.gymglish.com\/#website","url":"https:\/\/blog.gymglish.com\/","name":"The Gymglish blog","description":"","potentialAction":[{"@type":"SearchAction","target":{"@type":"EntryPoint","urlTemplate":"https:\/\/blog.gymglish.com\/?s={search_term_string}"},"query-input":{"@type":"PropertyValueSpecification","valueRequired":true,"valueName":"search_term_string"}}],"inLanguage":"fr-FR"},{"@type":"Person","@id":"https:\/\/blog.gymglish.com\/#\/schema\/person\/a431270cd349821a016d691ae91ca440","name":"Benjamin","image":{"@type":"ImageObject","inLanguage":"fr-FR","@id":"https:\/\/secure.gravatar.com\/avatar\/ca6a31bf737f340db2b0b4e77fee7d0272c9271913579c0a4486a2a013f67613?s=96&d=identicon&r=g","url":"https:\/\/secure.gravatar.com\/avatar\/ca6a31bf737f340db2b0b4e77fee7d0272c9271913579c0a4486a2a013f67613?s=96&d=identicon&r=g","contentUrl":"https:\/\/secure.gravatar.com\/avatar\/ca6a31bf737f340db2b0b4e77fee7d0272c9271913579c0a4486a2a013f67613?s=96&d=identicon&r=g","caption":"Benjamin"},"sameAs":["https:\/\/www.gymglish.com\/fr","https:\/\/fr.wikipedia.org\/wiki\/Gymglish"],"url":"https:\/\/blog.gymglish.com\/fr\/author\/ben"}]}},"jetpack_featured_media_url":"https:\/\/i0.wp.com\/blog.gymglish.com\/wp-content\/uploads\/2019\/10\/Screenshot-2019-10-02-at-9.49.35-AM.png?fit=909%2C512&ssl=1","jetpack_sharing_enabled":true,"_links":{"self":[{"href":"https:\/\/blog.gymglish.com\/fr\/wp-json\/wp\/v2\/posts\/3497","targetHints":{"allow":["GET"]}}],"collection":[{"href":"https:\/\/blog.gymglish.com\/fr\/wp-json\/wp\/v2\/posts"}],"about":[{"href":"https:\/\/blog.gymglish.com\/fr\/wp-json\/wp\/v2\/types\/post"}],"author":[{"embeddable":true,"href":"https:\/\/blog.gymglish.com\/fr\/wp-json\/wp\/v2\/users\/151749457"}],"replies":[{"embeddable":true,"href":"https:\/\/blog.gymglish.com\/fr\/wp-json\/wp\/v2\/comments?post=3497"}],"version-history":[{"count":22,"href":"https:\/\/blog.gymglish.com\/fr\/wp-json\/wp\/v2\/posts\/3497\/revisions"}],"predecessor-version":[{"id":29703,"href":"https:\/\/blog.gymglish.com\/fr\/wp-json\/wp\/v2\/posts\/3497\/revisions\/29703"}],"wp:featuredmedia":[{"embeddable":true,"href":"https:\/\/blog.gymglish.com\/fr\/wp-json\/wp\/v2\/media\/3501"}],"wp:attachment":[{"href":"https:\/\/blog.gymglish.com\/fr\/wp-json\/wp\/v2\/media?parent=3497"}],"wp:term":[{"taxonomy":"category","embeddable":true,"href":"https:\/\/blog.gymglish.com\/fr\/wp-json\/wp\/v2\/categories?post=3497"},{"taxonomy":"post_tag","embeddable":true,"href":"https:\/\/blog.gymglish.com\/fr\/wp-json\/wp\/v2\/tags?post=3497"}],"curies":[{"name":"wp","href":"https:\/\/api.w.org\/{rel}","templated":true}]}}