{"id":23944,"date":"2022-06-13T10:00:00","date_gmt":"2022-06-13T08:00:00","guid":{"rendered":"https:\/\/blog.gymglish.com\/?p=23944"},"modified":"2023-03-16T15:40:37","modified_gmt":"2023-03-16T14:40:37","slug":"portrait-association-partenaire-generation-france","status":"publish","type":"post","link":"https:\/\/blog.gymglish.com\/fr\/2022\/06\/13\/portrait-association-partenaire-generation-france","title":{"rendered":"\u201cNous cr\u00e9ons des formations courtes et gratuites qui r\u00e9pondent aux besoins du march\u00e9\u201d Portrait de G\u00e9n\u00e9ration France, partenaire Gymglish"},"content":{"rendered":"\n<p><strong>N\u00e9 en 2004, notre programme <a href=\"https:\/\/www.gymglish.com\/fr\/social-impact\" target=\"_blank\" rel=\"noreferrer noopener\">Social Impact<\/a> a pour but d\u2019offrir des cours de langues aux b\u00e9n\u00e9ficiaires d\u2019associations \u0153uvrant pour l\u2019insertion et l\u2019\u00e9galit\u00e9 des chances.&nbsp;<\/strong><\/p>\n\n\n\n<!--more-->\n\n\n\n<p>Aujourd\u2019hui, zoom sur l\u2019un de nos partenaires, G\u00e9n\u00e9ration France, dont l\u2019objectif est de former et d\u2019ins\u00e9rer des personnes sur le march\u00e9 du travail. Lucien Hilaire, Directeur de l\u2019exp\u00e9rience apprenant\u00b7e, revient sur ce qui fait la singularit\u00e9 de G\u00e9n\u00e9ration France et le r\u00f4le de <a href=\"https:\/\/www.gymglish.com\/fr\" target=\"_blank\" rel=\"noreferrer noopener\">Gymglish<\/a> dans la formation de leurs b\u00e9n\u00e9ficiaires.\u00a0<\/p>\n\n\n\n<h2 class=\"wp-block-heading\">Bonjour Lucien ! Pouvez-vous nous pr\u00e9senter les missions de G\u00e9n\u00e9ration France ?&nbsp;<\/h2>\n\n\n\n<p><a href=\"https:\/\/france.generation.org\/\" target=\"_blank\" rel=\"noreferrer noopener\">G\u00e9n\u00e9ration France<\/a> a \u00e9t\u00e9 cr\u00e9\u00e9e en 2008 et op\u00e8re principalement \u00e0 Paris, Lille et Nantes. C\u2019est une association sp\u00e9cialis\u00e9e dans l\u2019aide \u00e0 l\u2019insertion professionnelle. La formation est un des leviers que nous utilisons pour servir un projet professionnel qui puisse aboutir concr\u00e8tement. C\u2019est la raison pour laquelle nous cr\u00e9ons des programmes qui r\u00e9pondent aux besoins du march\u00e9, afin que nos formations soient les plus diff\u00e9renciantes possibles. Elles sont gratuites et courtes, le but \u00e9tant d\u2019ins\u00e9rer rapidement nos b\u00e9n\u00e9ficiaires sur le march\u00e9 du travail.&nbsp;<\/p>\n\n\n\n<p>Nous avons \u00e9galement mis en place un accompagnement professionnel supervis\u00e9 par des mentors, qui assurent une fluidit\u00e9 entre la th\u00e9orie et le placement en entreprise. Enfin, nous organisons des jobs dating et des \u00e9v\u00e9nements qui permettent aux apprenant\u00b7e\u00b7s de rencontrer les employeurs.\u00a0<\/p>\n\n\n\n<h2 class=\"wp-block-heading\">Parmi toutes les personnes que vous accompagnez, avez-vous pu identifier des profils types ?&nbsp;<\/h2>\n\n\n\n<p>Nous accompagnons trois profils principaux. Un premier assez jeune qui a v\u00e9cu une plus ou moins longue p\u00e9riode de ch\u00f4mage, et a du mal \u00e0 valoriser son exp\u00e9rience ou son dipl\u00f4me. Ces apprenant\u00b7e\u00b7s viennent chez nous pour b\u00e9n\u00e9ficier d\u2019une formation concr\u00e8te qu\u2019elles peuvent mettre en application rapidement.\u00a0<\/p>\n\n\n\n<p>Le deuxi\u00e8me profil est plus sp\u00e9cifique puisqu\u2019il est rattach\u00e9 \u00e0 notre programme \u201cObjectif M\u00e9tier Sant\u00e9\u201d. Nous formons des personnes qui n\u2019ont pas le bac et qui viennent de milieux plus pr\u00e9caires.<\/p>\n\n\n\n<p>Le troisi\u00e8me profil est compos\u00e9 de personnes plus s\u00e9niors. Elles sont en reconversion ou reprennent le travail apr\u00e8s une longue p\u00e9riode d\u2019arr\u00eat (parental, maternit\u00e9\u2026). Bien que qualifi\u00e9es et exp\u00e9riment\u00e9es, elles ne parviennent pas \u00e0 d\u00e9crocher un emploi. Notre objectif est donc de valoriser leur exp\u00e9rience en les formant aux nouveaux codes et attentes du march\u00e9.&nbsp;<\/p>\n\n\n\n<h2 class=\"wp-block-heading\">Depuis 2020, votre association fait partie de notre programme Social Impact. Pourriez-vous nous en dire plus sur ce partenariat ?<\/h2>\n\n\n\n<p>Nous cherchions une solution d\u2019apprentissage du fran\u00e7ais et nous avons tout de suite adh\u00e9r\u00e9 au concept de Gymglish, qui r\u00e9pondait pr\u00e9cis\u00e9ment \u00e0 un besoin identifi\u00e9 par notre association. En effet, beaucoup de nos apprenant\u00b7e\u00b7s sont des migrant\u00b7e\u00b7s ou ancien\u00b7n\u00b7e\u00b7s migrant\u00b7e\u00b7s qui avaient besoin de se remettre \u00e0 niveau en fran\u00e7ais pour trouver du travail.\u00a0<\/p>\n\n\n\n<p>Pour le m\u00e9tier de Customer Care par exemple, le niveau de fran\u00e7ais est une exigence. Malheureusement, c\u2019est l\u2019\u00e9tape \u00e0 laquelle nous perdons le plus de candidat\u00b7e\u00b7s dans les s\u00e9lections. Pour \u00eatre inclusif\u00b7ve\u00b7s, nous avons d\u00e9cid\u00e9 de couper la poire en deux et de les accepter en leur proposant de suivre les <a href=\"https:\/\/www.gymglish.com\/fr\/frantastique\" target=\"_blank\" rel=\"noreferrer noopener\">cours de fran\u00e7ais en ligne<\/a> Frantastique. L\u2019avantage est double puisqu\u2019ils\u00b7elles peuvent progresser tout en valorisant cette formation aupr\u00e8s des employeurs.\u00a0<\/p>\n\n\n\n<p>D\u2019un point de vue personnel, je trouve vos cours tr\u00e8s qualitatifs, \u00e0 la fois diversifi\u00e9s et faciles d\u2019utilisation. Nous sommes tr\u00e8s satisfaits du partenariat avec Gymglish et nous esp\u00e9rons qu\u2019il continue le plus longtemps possible.<\/p>\n\n\n\n<h2 class=\"wp-block-heading\">Comment voyez-vous \u00e9voluer G\u00e9n\u00e9ration France ?<\/h2>\n\n\n\n<p>Cette ann\u00e9e, nous avons deux programmes : celui de r\u00e9parateur\u00b7rice de v\u00e9lo ainsi qu\u2019une formation disponible en alternance pour devenir attach\u00e9.e commercial\u00b7e. Nous savons identifier les secteurs sur lesquels nous pouvons former des personnes qui seront recrut\u00e9es. Dans cette optique, nous lancerons l\u2019an prochain au moins un nouveau programme dans la tech, afin de r\u00e9pondre aux besoins croissants du march\u00e9.\u00a0<\/p>\n\n\n\n<p><br><\/p>\n\n\n\n<div class=\"wp-block-group a9-card-cta\"><div class=\"wp-block-group__inner-container is-layout-flow wp-block-group-is-layout-flow\">\n<h2 class=\"has-text-align-center wp-block-heading\" style=\"font-size:32px;font-style:normal;font-weight:300\">D\u00e9couvrez notre programme Social Impact<\/h2>\n\n\n\n<div class=\"wp-block-buttons is-content-justification-center is-layout-flex wp-container-core-buttons-is-layout-16018d1d wp-block-buttons-is-layout-flex\">\n<div class=\"wp-block-button has-custom-font-size is-style-fill btn-colorful btn-colorful-ftq\" style=\"font-size:16px\"><a class=\"wp-block-button__link wp-element-button\" href=\"https:\/\/www.gymglish.com\/fr\/social-impact\" style=\"border-radius:50px\" target=\"_blank\" rel=\"noreferrer noopener\">SOCIAL IMPACT<\/a><\/div>\n<\/div>\n<\/div><\/div>\n\n\n\n<p><br><\/p>\n\n\n\n<p><strong>Lire aussi sur le m\u00eame sujet :<\/strong><\/p>\n\n\n\n<ul class=\"wp-block-list\">\n<li><a href=\"https:\/\/blog.gymglish.com\/fr\/2021\/03\/10\/portrait-association-partenaire-la-fourmiliere\" target=\"_blank\" rel=\"noreferrer noopener\">Portrait La Fourmili\u00e8re<\/a><\/li>\n\n\n\n<li><a href=\"https:\/\/blog.gymglish.com\/fr\/2020\/06\/30\/portrait-association-partenaire-objectif-pour-emploi\" target=\"_blank\" rel=\"noreferrer noopener\">Portrait Objectif pour l&#8217;emploi<\/a><\/li>\n\n\n\n<li><a href=\"https:\/\/blog.gymglish.com\/fr\/2020\/06\/16\/portrait-association-partenaire-apprentis-auteuil\" target=\"_blank\" rel=\"noreferrer noopener\">Portrait des Apprentis d&#8217;Auteuil Marseille<\/a><\/li>\n\n\n\n<li><a href=\"https:\/\/blog.gymglish.com\/fr\/2019\/10\/22\/portrait-association-partenaire-casa-amarela\" target=\"_blank\" rel=\"noreferrer noopener\">Portrait de la Casa Amarela<\/a><\/li>\n\n\n\n<li><a href=\"https:\/\/blog.gymglish.com\/fr\/2019\/08\/13\/portrait-association-partenaire-nqt\" target=\"_blank\" rel=\"noreferrer noopener\">Portrait de NQT<\/a><\/li>\n\n\n\n<li><a href=\"https:\/\/blog.gymglish.com\/fr\/2020\/09\/21\/portrait-association-partenaire-la-chance\" target=\"_blank\" rel=\"noreferrer noopener\">Portrait de La Chance<\/a><\/li>\n<\/ul>\n","protected":false},"excerpt":{"rendered":"<p>N\u00e9 en 2004, notre programme Social Impact a pour but d\u2019offrir des cours de langues aux b\u00e9n\u00e9ficiaires d\u2019associations \u0153uvrant pour l\u2019insertion et l\u2019\u00e9galit\u00e9 des chances.&nbsp;<\/p>\n<a href=\"https:\/\/blog.gymglish.com\/fr\/2022\/06\/13\/portrait-association-partenaire-generation-france\" class=\"more-link\">Lire la suite...<\/a>","protected":false},"author":151524248,"featured_media":23954,"comment_status":"open","ping_status":"closed","sticky":false,"template":"","format":"standard","meta":{"_jetpack_newsletter_access":"","_jetpack_dont_email_post_to_subs":false,"_jetpack_newsletter_tier_id":0,"_jetpack_memberships_contains_paywalled_content":false,"_jetpack_memberships_contains_paid_content":false,"footnotes":"","jetpack_post_was_ever_published":false},"categories":[670778860,670778871],"tags":[670779023,670779024],"class_list":["post-23944","post","type-post","status-publish","format-standard","has-post-thumbnail","hentry","category-par-gymglish","category-temoignages","tag-association","tag-partenaire","col-xs-12 col-sm-6 col-md-4"],"yoast_head":"<!-- This site is optimized with the Yoast SEO plugin v27.4 - https:\/\/yoast.com\/product\/yoast-seo-wordpress\/ -->\n<title>G\u00e9n\u00e9ration France : formations courtes et gratuites - The Gymglish blog<\/title>\n<meta name=\"description\" content=\"L&#039;association G\u00e9n\u00e9ration France a pour objectif est de former et d\u2019ins\u00e9rer des personnes sur le march\u00e9 du travail.\" \/>\n<meta name=\"robots\" content=\"index, follow, max-snippet:-1, max-image-preview:large, max-video-preview:-1\" \/>\n<link rel=\"canonical\" href=\"https:\/\/blog.gymglish.com\/fr\/2022\/06\/13\/portrait-association-partenaire-generation-france\" \/>\n<meta property=\"og:locale\" content=\"fr_FR\" \/>\n<meta property=\"og:type\" content=\"article\" \/>\n<meta property=\"og:title\" content=\"G\u00e9n\u00e9ration France : formations courtes et gratuites - The Gymglish blog\" \/>\n<meta property=\"og:description\" content=\"L&#039;association G\u00e9n\u00e9ration France a pour objectif est de former et d\u2019ins\u00e9rer des personnes sur le march\u00e9 du travail.\" \/>\n<meta property=\"og:url\" content=\"https:\/\/blog.gymglish.com\/fr\/2022\/06\/13\/portrait-association-partenaire-generation-france\" \/>\n<meta property=\"og:site_name\" content=\"The Gymglish blog\" \/>\n<meta property=\"article:published_time\" content=\"2022-06-13T08:00:00+00:00\" \/>\n<meta property=\"article:modified_time\" content=\"2023-03-16T14:40:37+00:00\" \/>\n<meta property=\"og:image\" content=\"https:\/\/blog.gymglish.com\/wp-content\/uploads\/2022\/06\/Sans-titre-5.png\" \/>\n\t<meta property=\"og:image:width\" content=\"1200\" \/>\n\t<meta property=\"og:image:height\" content=\"630\" \/>\n\t<meta property=\"og:image:type\" content=\"image\/png\" \/>\n<meta name=\"author\" content=\"Gymglish\" \/>\n<meta name=\"twitter:card\" content=\"summary_large_image\" \/>\n<meta name=\"twitter:label1\" content=\"\u00c9crit par\" \/>\n\t<meta name=\"twitter:data1\" content=\"Gymglish\" \/>\n\t<meta name=\"twitter:label2\" content=\"Dur\u00e9e de lecture estim\u00e9e\" \/>\n\t<meta name=\"twitter:data2\" content=\"3 minutes\" \/>\n<!-- \/ Yoast SEO plugin. -->","yoast_head_json":{"title":"G\u00e9n\u00e9ration France : formations courtes et gratuites - The Gymglish blog","description":"L'association G\u00e9n\u00e9ration France a pour objectif est de former et d\u2019ins\u00e9rer des personnes sur le march\u00e9 du travail.","robots":{"index":"index","follow":"follow","max-snippet":"max-snippet:-1","max-image-preview":"max-image-preview:large","max-video-preview":"max-video-preview:-1"},"canonical":"https:\/\/blog.gymglish.com\/fr\/2022\/06\/13\/portrait-association-partenaire-generation-france","og_locale":"fr_FR","og_type":"article","og_title":"G\u00e9n\u00e9ration France : formations courtes et gratuites - The Gymglish blog","og_description":"L'association G\u00e9n\u00e9ration France a pour objectif est de former et d\u2019ins\u00e9rer des personnes sur le march\u00e9 du travail.","og_url":"https:\/\/blog.gymglish.com\/fr\/2022\/06\/13\/portrait-association-partenaire-generation-france","og_site_name":"The Gymglish blog","article_published_time":"2022-06-13T08:00:00+00:00","article_modified_time":"2023-03-16T14:40:37+00:00","og_image":[{"width":1200,"height":630,"url":"https:\/\/blog.gymglish.com\/wp-content\/uploads\/2022\/06\/Sans-titre-5.png","type":"image\/png"}],"author":"Gymglish","twitter_card":"summary_large_image","twitter_misc":{"\u00c9crit par":"Gymglish","Dur\u00e9e de lecture estim\u00e9e":"3 minutes"},"schema":{"@context":"https:\/\/schema.org","@graph":[{"@type":"Article","@id":"https:\/\/blog.gymglish.com\/fr\/2022\/06\/13\/portrait-association-partenaire-generation-france#article","isPartOf":{"@id":"https:\/\/blog.gymglish.com\/fr\/2022\/06\/13\/portrait-association-partenaire-generation-france"},"author":{"name":"Gymglish","@id":"https:\/\/blog.gymglish.com\/#\/schema\/person\/4c136ff52a68c7ad4668c3f89546fd61"},"headline":"\u201cNous cr\u00e9ons des formations courtes et gratuites qui r\u00e9pondent aux besoins du march\u00e9\u201d Portrait de G\u00e9n\u00e9ration France, partenaire Gymglish","datePublished":"2022-06-13T08:00:00+00:00","dateModified":"2023-03-16T14:40:37+00:00","mainEntityOfPage":{"@id":"https:\/\/blog.gymglish.com\/fr\/2022\/06\/13\/portrait-association-partenaire-generation-france"},"wordCount":782,"commentCount":0,"image":{"@id":"https:\/\/blog.gymglish.com\/fr\/2022\/06\/13\/portrait-association-partenaire-generation-france#primaryimage"},"thumbnailUrl":"https:\/\/i0.wp.com\/blog.gymglish.com\/wp-content\/uploads\/2022\/06\/Sans-titre-5.png?fit=1200%2C630&ssl=1","keywords":["association","partenaire"],"articleSection":["par Gymglish","T\u00e9moignages partenaires et utilisateurs"],"inLanguage":"fr-FR","potentialAction":[{"@type":"CommentAction","name":"Comment","target":["https:\/\/blog.gymglish.com\/fr\/2022\/06\/13\/portrait-association-partenaire-generation-france#respond"]}]},{"@type":"WebPage","@id":"https:\/\/blog.gymglish.com\/fr\/2022\/06\/13\/portrait-association-partenaire-generation-france","url":"https:\/\/blog.gymglish.com\/fr\/2022\/06\/13\/portrait-association-partenaire-generation-france","name":"G\u00e9n\u00e9ration France : formations courtes et gratuites - The Gymglish blog","isPartOf":{"@id":"https:\/\/blog.gymglish.com\/#website"},"primaryImageOfPage":{"@id":"https:\/\/blog.gymglish.com\/fr\/2022\/06\/13\/portrait-association-partenaire-generation-france#primaryimage"},"image":{"@id":"https:\/\/blog.gymglish.com\/fr\/2022\/06\/13\/portrait-association-partenaire-generation-france#primaryimage"},"thumbnailUrl":"https:\/\/i0.wp.com\/blog.gymglish.com\/wp-content\/uploads\/2022\/06\/Sans-titre-5.png?fit=1200%2C630&ssl=1","datePublished":"2022-06-13T08:00:00+00:00","dateModified":"2023-03-16T14:40:37+00:00","author":{"@id":"https:\/\/blog.gymglish.com\/#\/schema\/person\/4c136ff52a68c7ad4668c3f89546fd61"},"description":"L'association G\u00e9n\u00e9ration France a pour objectif est de former et d\u2019ins\u00e9rer des personnes sur le march\u00e9 du travail.","breadcrumb":{"@id":"https:\/\/blog.gymglish.com\/fr\/2022\/06\/13\/portrait-association-partenaire-generation-france#breadcrumb"},"inLanguage":"fr-FR","potentialAction":[{"@type":"ReadAction","target":["https:\/\/blog.gymglish.com\/fr\/2022\/06\/13\/portrait-association-partenaire-generation-france"]}]},{"@type":"ImageObject","inLanguage":"fr-FR","@id":"https:\/\/blog.gymglish.com\/fr\/2022\/06\/13\/portrait-association-partenaire-generation-france#primaryimage","url":"https:\/\/i0.wp.com\/blog.gymglish.com\/wp-content\/uploads\/2022\/06\/Sans-titre-5.png?fit=1200%2C630&ssl=1","contentUrl":"https:\/\/i0.wp.com\/blog.gymglish.com\/wp-content\/uploads\/2022\/06\/Sans-titre-5.png?fit=1200%2C630&ssl=1","width":1200,"height":630},{"@type":"BreadcrumbList","@id":"https:\/\/blog.gymglish.com\/fr\/2022\/06\/13\/portrait-association-partenaire-generation-france#breadcrumb","itemListElement":[{"@type":"ListItem","position":1,"name":"Home","item":"https:\/\/blog.gymglish.com\/fr"},{"@type":"ListItem","position":2,"name":"par Gymglish","item":"https:\/\/blog.gymglish.com\/fr\/category\/par-gymglish\/"},{"@type":"ListItem","position":3,"name":"\u201cNous cr\u00e9ons des formations courtes et gratuites qui r\u00e9pondent aux besoins du march\u00e9\u201d Portrait de G\u00e9n\u00e9ration France, partenaire Gymglish"}]},{"@type":"WebSite","@id":"https:\/\/blog.gymglish.com\/#website","url":"https:\/\/blog.gymglish.com\/","name":"The Gymglish blog","description":"","potentialAction":[{"@type":"SearchAction","target":{"@type":"EntryPoint","urlTemplate":"https:\/\/blog.gymglish.com\/?s={search_term_string}"},"query-input":{"@type":"PropertyValueSpecification","valueRequired":true,"valueName":"search_term_string"}}],"inLanguage":"fr-FR"},{"@type":"Person","@id":"https:\/\/blog.gymglish.com\/#\/schema\/person\/4c136ff52a68c7ad4668c3f89546fd61","name":"Gymglish","image":{"@type":"ImageObject","inLanguage":"fr-FR","@id":"https:\/\/secure.gravatar.com\/avatar\/0c11fffd2afa4dd8657d1c88cd35a1d1a98af54dfc2cf560347909a3cd2fab8f?s=96&d=identicon&r=g","url":"https:\/\/secure.gravatar.com\/avatar\/0c11fffd2afa4dd8657d1c88cd35a1d1a98af54dfc2cf560347909a3cd2fab8f?s=96&d=identicon&r=g","contentUrl":"https:\/\/secure.gravatar.com\/avatar\/0c11fffd2afa4dd8657d1c88cd35a1d1a98af54dfc2cf560347909a3cd2fab8f?s=96&d=identicon&r=g","caption":"Gymglish"},"description":"Laugh while you learn. Gymglish creates adaptive learning courses for languages and more. Our goal: your motivation, participation and progress.","sameAs":["http:\/\/bloggymglish.wordpress.com"],"url":"https:\/\/blog.gymglish.com\/fr\/author\/gymglishblog"}]}},"jetpack_featured_media_url":"https:\/\/i0.wp.com\/blog.gymglish.com\/wp-content\/uploads\/2022\/06\/Sans-titre-5.png?fit=1200%2C630&ssl=1","jetpack_sharing_enabled":true,"_links":{"self":[{"href":"https:\/\/blog.gymglish.com\/fr\/wp-json\/wp\/v2\/posts\/23944","targetHints":{"allow":["GET"]}}],"collection":[{"href":"https:\/\/blog.gymglish.com\/fr\/wp-json\/wp\/v2\/posts"}],"about":[{"href":"https:\/\/blog.gymglish.com\/fr\/wp-json\/wp\/v2\/types\/post"}],"author":[{"embeddable":true,"href":"https:\/\/blog.gymglish.com\/fr\/wp-json\/wp\/v2\/users\/151524248"}],"replies":[{"embeddable":true,"href":"https:\/\/blog.gymglish.com\/fr\/wp-json\/wp\/v2\/comments?post=23944"}],"version-history":[{"count":14,"href":"https:\/\/blog.gymglish.com\/fr\/wp-json\/wp\/v2\/posts\/23944\/revisions"}],"predecessor-version":[{"id":32482,"href":"https:\/\/blog.gymglish.com\/fr\/wp-json\/wp\/v2\/posts\/23944\/revisions\/32482"}],"wp:featuredmedia":[{"embeddable":true,"href":"https:\/\/blog.gymglish.com\/fr\/wp-json\/wp\/v2\/media\/23954"}],"wp:attachment":[{"href":"https:\/\/blog.gymglish.com\/fr\/wp-json\/wp\/v2\/media?parent=23944"}],"wp:term":[{"taxonomy":"category","embeddable":true,"href":"https:\/\/blog.gymglish.com\/fr\/wp-json\/wp\/v2\/categories?post=23944"},{"taxonomy":"post_tag","embeddable":true,"href":"https:\/\/blog.gymglish.com\/fr\/wp-json\/wp\/v2\/tags?post=23944"}],"curies":[{"name":"wp","href":"https:\/\/api.w.org\/{rel}","templated":true}]}}