{"id":44317,"date":"2024-09-24T11:03:49","date_gmt":"2024-09-24T09:03:49","guid":{"rendered":"https:\/\/blog.gymglish.com\/?p=44317"},"modified":"2024-09-24T11:03:53","modified_gmt":"2024-09-24T09:03:53","slug":"5-spanischsprachige-kuenstler","status":"publish","type":"post","link":"https:\/\/blog.gymglish.com\/de\/2024\/09\/24\/5-spanischsprachige-kuenstler","title":{"rendered":"5 spanischsprachige K\u00fcnstler, die die Welt der Kunst gepr\u00e4gt haben"},"content":{"rendered":"\n<p>Bei Gymglish beschr\u00e4nkt sich das Sprachenlernen nicht nur auf das Vermitteln von Vokabular, Grammatik oder Aussprache.<\/p>\n\n\n\n<p>Eine Sprache ist vor allem Ausdruck einer Kultur. Und zu einer Kultur geh\u00f6ren neben der Art, wie wir sprechen, leben und arbeiten, auch ihre K\u00fcnstler und Werke. Aus diesem Grund endet jede unserer Lektionen mit einem Auszug aus dem Film, der Literatur, der Musik oder der Malerei.<\/p>\n\n\n\n<p>Heute wollen wir mit dir durch die Jahrhunderte und k\u00fcnstlerische Epochen reisen, auf der Suche nach spanischsprachigen K\u00fcnstlern, die ihre Zeit revolutioniert und zuk\u00fcnftige Generationen gepr\u00e4gt haben.<\/p>\n\n\n\n<p>Diese Liste ist nat\u00fcrlich nicht vollst\u00e4ndig. Schlagt uns gerne weitere K\u00fcnstler vor. Die, die wir f\u00fcr besonders relevant halten, werden wir in sp\u00e4tere Artikel aufnehmen.&nbsp;<\/p>\n\n\n\n<p><\/p>\n\n\n\n<div class=\"wp-block-group a9-card-cta\"><div class=\"wp-block-group__inner-container is-layout-flow wp-block-group-is-layout-flow\">\n<h2 class=\"has-text-align-center wp-block-heading\" style=\"font-size:32px;font-style:normal;font-weight:300\">Lernen Sie Spanisch mit Hotel Borb\u00f3llon \ud83c\uddea\ud83c\uddf8<\/h2>\n\n\n\n<div class=\"wp-block-buttons is-content-justification-center is-layout-flex wp-container-core-buttons-is-layout-16018d1d wp-block-buttons-is-layout-flex\">\n<div class=\"wp-block-button has-custom-font-size is-style-fill btn-colorful btn-colorful-hb\" style=\"font-size:16px\"><a class=\"wp-block-button__link\" href=\"https:\/\/www.gymglish.com\/de\/hotel-borbollon\/gratis-test?rfextension=BLOG-CTA\" style=\"border-radius:50px\" target=\"_blank\" rel=\"noreferrer noopener\">KOSTENLOS TESTEN<\/a><\/div>\n<\/div>\n<\/div><\/div>\n\n\n\n<p><\/p>\n\n\n\n<h2 class=\"wp-block-heading\">Francisco de Goya (1746-1828)<\/h2>\n\n\n\n<p>Der neoklassizistische Maler und Grafiker <a href=\"https:\/\/de.wikipedia.org\/wiki\/Francisco_de_Goya\" target=\"_blank\" rel=\"noreferrer noopener\">Francisco de Goya<\/a> ist weltweit bekannt und verbl\u00fcfft uns bis heute mit seinen au\u00dfergew\u00f6hnlichen Werken. Seine Leidenschaft f\u00fcr die Kunst begann im Alter von 14 Jahren, als er bei seinem Mentor Jos\u00e9 Luz\u00e1n in die Lehre ging und Werke gro\u00dfer Meister wie Rembrandt oder Vel\u00e1zquez imitierte. Auch die k\u00f6nigliche Aristokratie erkannte sein Talent: 1786 wurde Goya zum Hofmaler ernannt und erreichte damit den H\u00f6hepunkt seiner Karriere. Sein neuer Status er\u00f6ffnete ihm den Zugang zu Kreisen progressiver Intellektueller, die von den Ideen der Aufkl\u00e4rung inspiriert waren.<\/p>\n\n\n\n<p>Als Goya im Alter von 47 Jahren schwer erkrankte und taub wurde, zog er sich aus der Gesellschaft zur\u00fcck und begann, eine Reihe von religi\u00f6sen und d\u00fcsteren Gem\u00e4lden zu malen. <em>Saturno devorando a un hijo <\/em>(\u201cSaturn verschlingt seinen Sohn\u201d) ist wohl das repr\u00e4sentativste Werk dieser Zeit.<\/p>\n\n\n\n<p>Als engagierter Maler scheute er sich nicht, auch seine politischen Ansichten in seinen Gem\u00e4lden darzustellen. In <em>El Pelele<\/em> (\u201cder Hampelmann) thematisierte er die Lage der Frauen in Spanien: von M\u00e4nnern unterdr\u00fcckt und zum Schweigen verdammt. Er verurteilte den Einfluss der Kirche auf die Gesellschaft und griff die religi\u00f6se Autorit\u00e4t mit zwei bemerkenswerten Werken an: <em>La Maja vestida<\/em> (\u201cdie bekleidete Maja\u201d) und <em>La Maja desnuda<\/em> (\u201cDie nackte Maja\u201d). Goya setzte sein Talent auch im Engagement f\u00fcr den Frieden ein. Mit <em>Los Desastres de la Guerra<\/em> (\u201cDie Schrecken des Krieges\u201d) prangerte er die Gr\u00e4uel der Schlachten an. Seine symboltr\u00e4chtigen Gem\u00e4lde <em>Dos de Mayo<\/em> und <em>Tres de Mayo<\/em> (1814) sind heute im Museo del Prado in Madrid ausgestellt.<\/p>\n\n\n<div class=\"wp-block-image\">\n<figure class=\"aligncenter is-resized\"><img decoding=\"async\" width=\"1200\" height=\"925\" src=\"https:\/\/i0.wp.com\/blog.gymglish.com\/wp-content\/uploads\/2020\/11\/1200px-El_Tres_de_Mayo_by_Francisco_de_Goya_from_Prado_in_Google_Earth.jpg?resize=506%2C389&amp;ssl=1\" alt=\"\" class=\"wp-image-9138\" style=\"width:420px;height:auto\" srcset=\"https:\/\/i0.wp.com\/blog.gymglish.com\/wp-content\/uploads\/2020\/11\/1200px-El_Tres_de_Mayo_by_Francisco_de_Goya_from_Prado_in_Google_Earth.jpg?w=1200&amp;ssl=1 1200w, https:\/\/i0.wp.com\/blog.gymglish.com\/wp-content\/uploads\/2020\/11\/1200px-El_Tres_de_Mayo_by_Francisco_de_Goya_from_Prado_in_Google_Earth.jpg?resize=300%2C231&amp;ssl=1 300w, https:\/\/i0.wp.com\/blog.gymglish.com\/wp-content\/uploads\/2020\/11\/1200px-El_Tres_de_Mayo_by_Francisco_de_Goya_from_Prado_in_Google_Earth.jpg?resize=1024%2C789&amp;ssl=1 1024w, https:\/\/i0.wp.com\/blog.gymglish.com\/wp-content\/uploads\/2020\/11\/1200px-El_Tres_de_Mayo_by_Francisco_de_Goya_from_Prado_in_Google_Earth.jpg?resize=768%2C592&amp;ssl=1 768w, https:\/\/i0.wp.com\/blog.gymglish.com\/wp-content\/uploads\/2020\/11\/1200px-El_Tres_de_Mayo_by_Francisco_de_Goya_from_Prado_in_Google_Earth.jpg?resize=649%2C500&amp;ssl=1 649w\" sizes=\"(max-width: 740px) 100vw, 740px\" \/><figcaption class=\"wp-element-caption\"><em>El Tres de Mayo<\/em>\u00a0(1814)<\/figcaption><\/figure>\n<\/div>\n\n\n<h2 class=\"wp-block-heading\">Frida Kahlo (1907-1954)<\/h2>\n\n\n\n<p>Als Tochter einer mexikanischen Mutter und eines deutschen Vaters wuchs <a href=\"https:\/\/de.wikipedia.org\/wiki\/Frida_Kahlo\" target=\"_blank\" rel=\"noreferrer noopener\">Frida Kahlo<\/a> (auch bekannt f\u00fcr ihre ausgepr\u00e4gten Augenbrauen) im beliebten Viertel Coyoac\u00e1n im S\u00fcden von Mexiko-Stadt auf. Sie war eine ausgezeichnete Sch\u00fclerin, doch eine Krankheit stellte ihr Leben schon im Kindesalter auf den Kopf. Mit 6 Jahren erkrankte sie an Kinderl\u00e4hmung und verlor die Beweglichkeit ihres rechten Beines. Ihre Klassenkameraden nannten sie daraufhin <em>Frida la coja<\/em> (&#8220;Frida die Lahme&#8221;). 1925 erlitt sie einen Verkehrsunfall und fortan\u00a0 begleiteten Schmerzen in der Wirbels\u00e4ule ihr Leben.<\/p>\n\n\n\n<p>Nach diesem Ereignis, das sie in ihrem Werk <em>Die gebrochene S\u00e4ule<\/em> von 1944 thematisierte, wurde ihr Leiden zum Motor ihrer Schaffenskraft. Sie begann, Portr\u00e4ts und Stillleben&nbsp; zu malen, doch es waren die Selbstportr\u00e4ts, die eine zentrale Rolle in ihrer Kunst einnahmen. Als authentisches Ausdrucksmittel ihrer pers\u00f6nlichen Geschichte spiegeln ihre Selbstportr\u00e4ts (\u00fcber 55 entstanden im Laufe ihres Lebens) ihr physisches und emotionales Leiden wider. Zu den bedeutendsten z\u00e4hlen <em>Das Krankenhaus Henry Ford<\/em> (1932), das den Schmerz nach ihrer ersten Fehlgeburt darstellt, und <em>Selbstportr\u00e4t mit Affe<\/em> (1945).<\/p>\n\n\n<div class=\"wp-block-image\">\n<figure class=\"aligncenter\"><img decoding=\"async\" width=\"640\" height=\"336\" src=\"https:\/\/i0.wp.com\/blog.gymglish.com\/wp-content\/uploads\/2020\/11\/telechargement.jpeg?resize=535%2C280&amp;ssl=1\" alt=\"\" class=\"wp-image-9090\" srcset=\"https:\/\/i0.wp.com\/blog.gymglish.com\/wp-content\/uploads\/2020\/11\/telechargement.jpeg?w=640&amp;ssl=1 640w, https:\/\/i0.wp.com\/blog.gymglish.com\/wp-content\/uploads\/2020\/11\/telechargement.jpeg?resize=300%2C158&amp;ssl=1 300w\" sizes=\"(max-width: 640px) 100vw, 640px\" \/><figcaption class=\"wp-element-caption\"><em>L\u2019h\u00f4pital Henry Ford<\/em>\u00a0(1932)<\/figcaption><\/figure>\n<\/div>\n\n\n<p>Frida Kahlo war auch politisch engagiert und setzte sich leidenschaftlich f\u00fcr die Stellung und Emanzipation der Frauen in der machistisch gepr\u00e4gten Gesellschaft Mexikos ein.<br><\/p>\n\n\n\n<div class=\"wp-block-group a9-card-cta\"><div class=\"wp-block-group__inner-container is-layout-flow wp-block-group-is-layout-flow\">\n<h2 class=\"has-text-align-center wp-block-heading\" style=\"font-size:32px;font-style:normal;font-weight:300\">Lernen Sie Spanisch mit Hotel Borb\u00f3llon \ud83c\uddea\ud83c\uddf8<\/h2>\n\n\n\n<div class=\"wp-block-buttons is-content-justification-center is-layout-flex wp-container-core-buttons-is-layout-16018d1d wp-block-buttons-is-layout-flex\">\n<div class=\"wp-block-button has-custom-font-size is-style-fill btn-colorful btn-colorful-hb\" style=\"font-size:16px\"><a class=\"wp-block-button__link\" href=\"https:\/\/www.gymglish.com\/de\/hotel-borbollon\/gratis-test?rfextension=BLOG-CTA\" style=\"border-radius:50px\" target=\"_blank\" rel=\"noreferrer noopener\">KOSTENLOS TESTEN<\/a><\/div>\n<\/div>\n<\/div><\/div>\n\n\n\n<p><\/p>\n\n\n\n<h2 class=\"wp-block-heading\">Salvador Dal\u00ed (1904-1989)<\/h2>\n\n\n\n<p><em>\u201eIch bin zu intelligent, um ein guter Maler zu sein\u201c.<\/em> Der katalanische Maler mit dem markanten Schnurrbart, <a href=\"https:\/\/de.wikipedia.org\/wiki\/Salvador_Dal%C3%AD\" target=\"_blank\" rel=\"noreferrer noopener\">Salvador Dal\u00ed<\/a> (1904-1989), war einer der extravagantesten und vielseitigsten spanischen K\u00fcnstler. Als zentrale Figur des Surrealismus zeichnen sich seine Werke durch einen starken symbolischen Charakter aus, der von den Tr\u00e4umen und \u00c4ngsten des K\u00fcnstlers inspiriert ist.<\/p>\n\n\n\n<p>Von seinen Zeitgenossen wurde Dal\u00ed als exzentrisch, akribisch und von den freudianischen Theorien fasziniert beschrieben. Er pr\u00e4gte die Geschichte des Surrealismus ebenso wie die der modernen Kunst. Zu seinen bekanntesten Gem\u00e4lden z\u00e4hlt <em>La persistencia de la memoria<\/em><\/p>\n\n\n\n<p>(\u201cDie Best\u00e4ndigkeit der Erinnerung\u201d) von 1931. Eine surrealistische Szene, in der sich Dal\u00ed schmelzende metallische Uhren vorstellt, die den verlorenen Kampf gegen die Zeit versinnbildlichen.<\/p>\n\n\n<div class=\"wp-block-image\">\n<figure class=\"aligncenter is-resized\"><img decoding=\"async\" width=\"1200\" height=\"675\" src=\"https:\/\/i0.wp.com\/blog.gymglish.com\/wp-content\/uploads\/2020\/11\/Salvador-Dali-persistance-de-la-memoire-1931-1200x675-1.jpg?resize=504%2C283&amp;ssl=1\" alt=\"\" class=\"wp-image-9093\" style=\"width:490px;height:auto\" srcset=\"https:\/\/i0.wp.com\/blog.gymglish.com\/wp-content\/uploads\/2020\/11\/Salvador-Dali-persistance-de-la-memoire-1931-1200x675-1.jpg?w=1200&amp;ssl=1 1200w, https:\/\/i0.wp.com\/blog.gymglish.com\/wp-content\/uploads\/2020\/11\/Salvador-Dali-persistance-de-la-memoire-1931-1200x675-1.jpg?resize=300%2C169&amp;ssl=1 300w, https:\/\/i0.wp.com\/blog.gymglish.com\/wp-content\/uploads\/2020\/11\/Salvador-Dali-persistance-de-la-memoire-1931-1200x675-1.jpg?resize=1024%2C576&amp;ssl=1 1024w, https:\/\/i0.wp.com\/blog.gymglish.com\/wp-content\/uploads\/2020\/11\/Salvador-Dali-persistance-de-la-memoire-1931-1200x675-1.jpg?resize=768%2C432&amp;ssl=1 768w, https:\/\/i0.wp.com\/blog.gymglish.com\/wp-content\/uploads\/2020\/11\/Salvador-Dali-persistance-de-la-memoire-1931-1200x675-1.jpg?resize=889%2C500&amp;ssl=1 889w\" sizes=\"(max-width: 740px) 100vw, 740px\" \/><figcaption class=\"wp-element-caption\"><em>La persistencia de la memoria\u00a0<\/em>(1931)<\/figcaption><\/figure>\n<\/div>\n\n\n<p>Oft haben seine Bilder eine politische Konnotation. <em>El Angelus de Gala<\/em> (1935) ist ein perfektes Beispiel: Dal\u00ed malte Lenin in der erwartungsvollen Pose einer Gottesanbeterin. Lenin erscheint in mehreren seiner Werke, wie in <em>Sechs Abbildungen Lenins auf einem Klavier<\/em> (1931) und <em>Das R\u00e4tsel von Wilhelm Tell<\/em> (1933). Letzteres f\u00fchrte fast zu seinem Ausschluss aus der surrealistischen Bewegung.<\/p>\n\n\n<div class=\"wp-block-image\">\n<figure class=\"aligncenter is-resized\"><img decoding=\"async\" width=\"800\" height=\"933\" src=\"https:\/\/i0.wp.com\/blog.gymglish.com\/wp-content\/uploads\/2020\/11\/0323.jpg?resize=326%2C380&amp;ssl=1\" alt=\"\" class=\"wp-image-9096\" style=\"width:346px;height:auto\" srcset=\"https:\/\/i0.wp.com\/blog.gymglish.com\/wp-content\/uploads\/2020\/11\/0323.jpg?w=800&amp;ssl=1 800w, https:\/\/i0.wp.com\/blog.gymglish.com\/wp-content\/uploads\/2020\/11\/0323.jpg?resize=257%2C300&amp;ssl=1 257w, https:\/\/i0.wp.com\/blog.gymglish.com\/wp-content\/uploads\/2020\/11\/0323.jpg?resize=768%2C896&amp;ssl=1 768w, https:\/\/i0.wp.com\/blog.gymglish.com\/wp-content\/uploads\/2020\/11\/0323.jpg?resize=429%2C500&amp;ssl=1 429w\" sizes=\"(max-width: 740px) 100vw, 740px\" \/><figcaption class=\"wp-element-caption\"><em>El \u00c1ngelus de Gala\u00a0<\/em>(1935)<\/figcaption><\/figure>\n<\/div>\n\n\n<p><\/p>\n\n\n\n<h2 class=\"wp-block-heading\">Diego Rivera (1886-1957)<\/h2>\n\n\n\n<p>Als militanter K\u00fcnstler und Symbolfigur des mexikanischen Muralismo ist <a href=\"https:\/\/de.wikipedia.org\/wiki\/Diego_Rivera\" target=\"_blank\" rel=\"noreferrer noopener\">Diego Rivera<\/a> f\u00fcr seine monumentalen Werke an \u00f6ffentlichen Geb\u00e4uden ber\u00fchmt. Sein Stil, der das pr\u00e4hispanische Erbe Mexikos mit europ\u00e4ischen Kunststr\u00f6mungen (wie dem Kubismus) verbindet, machte ihn zu einem zeitlosen K\u00fcnstler.<br><br><\/p>\n\n\n\n<div class=\"wp-block-group a9-card-cta\"><div class=\"wp-block-group__inner-container is-layout-flow wp-block-group-is-layout-flow\">\n<h2 class=\"has-text-align-center wp-block-heading\" style=\"font-size:32px;font-style:normal;font-weight:300\">Lernen Sie Spanisch mit Hotel Borb\u00f3llon \ud83c\uddea\ud83c\uddf8<\/h2>\n\n\n\n<div class=\"wp-block-buttons is-content-justification-center is-layout-flex wp-container-core-buttons-is-layout-16018d1d wp-block-buttons-is-layout-flex\">\n<div class=\"wp-block-button has-custom-font-size is-style-fill btn-colorful btn-colorful-hb\" style=\"font-size:16px\"><a class=\"wp-block-button__link\" href=\"https:\/\/www.gymglish.com\/de\/hotel-borbollon\/gratis-test?rfextension=BLOG-CTA\" style=\"border-radius:50px\" target=\"_blank\" rel=\"noreferrer noopener\">KOSTENLOS TESTEN<\/a><\/div>\n<\/div>\n<\/div><\/div>\n\n\n\n<p><br><\/p>\n\n\n\n<p>Schon in jungen Jahren begeisterte sich Diego Rivera f\u00fcr das Zeichnen und begann im Alter von 10 Jahren ein Studium an der Escuela Nacional de Bellas Artes de San Carlos in Mexiko. Sein Markenzeichen sind seine Wandgem\u00e4lde, wie der <em>Sue\u00f1o de una tarde dominical en la Alameda central<\/em> (\u201cTraum eines Sonntagnachmittags im Alameda-Park\u201d, 1946), in dem er den Alameda Central (einen Park in Mexiko-Stadt) mit symboltr\u00e4chtigen mexikanischen Figuren darstellt. Die zentrale Figur ist La Catrina, das Symbol des Todes. Neben ihr stehen die K\u00fcnstlerin Frida Kahlo, die Ehefrau von Rivera, und Rivera selbst, dargestellt als Kind.<\/p>\n\n\n<div class=\"wp-block-image\">\n<figure class=\"aligncenter is-resized\"><img decoding=\"async\" width=\"750\" height=\"294\" src=\"https:\/\/i0.wp.com\/blog.gymglish.com\/wp-content\/uploads\/2020\/11\/dream-of-a-sunday-afternoon-in-alameda-park-1948.jpgLarge.jpg?resize=534%2C209&amp;ssl=1\" alt=\"\" class=\"wp-image-9099\" style=\"width:614px;height:auto\" srcset=\"https:\/\/i0.wp.com\/blog.gymglish.com\/wp-content\/uploads\/2020\/11\/dream-of-a-sunday-afternoon-in-alameda-park-1948.jpgLarge.jpg?w=750&amp;ssl=1 750w, https:\/\/i0.wp.com\/blog.gymglish.com\/wp-content\/uploads\/2020\/11\/dream-of-a-sunday-afternoon-in-alameda-park-1948.jpgLarge.jpg?resize=300%2C118&amp;ssl=1 300w\" sizes=\"(max-width: 740px) 100vw, 740px\" \/><figcaption class=\"wp-element-caption\"><em>Sue\u00f1o de una tarde dominical en la Alameda central<\/em>\u00a0(1946)<\/figcaption><\/figure>\n<\/div>\n\n\n<p><\/p>\n\n\n\n<p>Rivera war ein politisch engagierter K\u00fcnstler und Mitglied der Kommunistischen Partei seines Landes. Seine Werke thematisieren oft den B\u00fcrgerkrieg und die Revolution. Den revolution\u00e4ren Anf\u00fchrer Emiliano Zapata verewigte er in dem Werk <em>Zapata l\u00edder agrario<\/em><\/p>\n\n\n<div class=\"wp-block-image\">\n<figure class=\"aligncenter is-resized\"><img decoding=\"async\" width=\"525\" height=\"700\" src=\"https:\/\/i0.wp.com\/blog.gymglish.com\/wp-content\/uploads\/2020\/11\/zapata-01.jpg?resize=250%2C330&amp;ssl=1\" alt=\"\" class=\"wp-image-9102\" style=\"width:226px;height:auto\" srcset=\"https:\/\/i0.wp.com\/blog.gymglish.com\/wp-content\/uploads\/2020\/11\/zapata-01.jpg?w=525&amp;ssl=1 525w, https:\/\/i0.wp.com\/blog.gymglish.com\/wp-content\/uploads\/2020\/11\/zapata-01.jpg?resize=225%2C300&amp;ssl=1 225w, https:\/\/i0.wp.com\/blog.gymglish.com\/wp-content\/uploads\/2020\/11\/zapata-01.jpg?resize=375%2C500&amp;ssl=1 375w\" sizes=\"(max-width: 525px) 100vw, 525px\" \/><figcaption class=\"wp-element-caption\"><em>Zapata l\u00edder agrario<\/em>\u00a0(1911)<\/figcaption><\/figure>\n<\/div>\n\n\n<p>In seinen Gem\u00e4lden sind Pers\u00f6nlichkeiten wie Lenin, Trotzki, Marx und sogar Mussolini zu finden, was ihm heftige Kritik einbrachte, bis hin zur Zerst\u00f6rung seiner Werke, wie im Fall von <em>El hombre en el cruce de caminos <\/em>(\u201cMann an der Wegkreuzung, 1934).<\/p>\n\n\n\n<p>Rivera schuf auch ein gro\u00dfes Wandgem\u00e4lde im Palacio Nacional in Mexiko. Es stellt den Klassenkampf dar und zeigt einen riesigen Karl Marx, der den Arbeitern den Weg in die Zukunft weist.<\/p>\n\n\n\n<h2 class=\"wp-block-heading\">Pablo Picasso (1881-1973)<\/h2>\n\n\n\n<p>Wir schlie\u00dfen diese Auswahl mit dem ber\u00fchmten spanischen Maler und Bildhauer <a href=\"https:\/\/de.wikipedia.org\/wiki\/Pablo_Picasso\" target=\"_blank\" rel=\"noreferrer noopener\">Pablo Picasso<\/a> (1881-1973) ab. Er ist zweifellos einer der gr\u00f6\u00dften K\u00fcnstler des 20. Jahrhunderts und gilt als Begr\u00fcnder des Kubismus, einer Kunstbewegung, die geometrische Formen verwendet und mehrere Blickwinkel zur Darstellung des Motivs einsetzt.\u00a0<\/p>\n\n\n\n<p>Picasso zeichnete sich nicht nur durch sein k\u00fcnstlerisches Werk aus, sondern auch durch sein politisches Engagement, insbesondere w\u00e4hrend des Aufstiegs des Faschismus in Europa. 1930 schuf er <em>Guernica<\/em>, ein monumentales Werk, das das Massaker durch das Franco-Regime in der gleichnamigen baskischen Stadt anprangert. Dieses Gem\u00e4lde ist bis heute eine universelle Ikone des Pazifismus. &#8220;<em>Die Malerei ist nicht dazu da, Wohnungen zu schm\u00fccken; sie ist eine offensive und defensive Waffe gegen den Feind<\/em>&#8220;, erkl\u00e4rte er.<\/p>\n\n\n<div class=\"wp-block-image\">\n<figure class=\"aligncenter is-resized\"><img decoding=\"async\" width=\"512\" height=\"232\" src=\"https:\/\/i0.wp.com\/blog.gymglish.com\/wp-content\/uploads\/2020\/11\/unnamed.jpg?resize=512%2C232&amp;ssl=1\" alt=\"\" class=\"wp-image-9105\" style=\"width:512px;height:auto\" srcset=\"https:\/\/i0.wp.com\/blog.gymglish.com\/wp-content\/uploads\/2020\/11\/unnamed.jpg?w=512&amp;ssl=1 512w, https:\/\/i0.wp.com\/blog.gymglish.com\/wp-content\/uploads\/2020\/11\/unnamed.jpg?resize=300%2C136&amp;ssl=1 300w\" sizes=\"(max-width: 512px) 100vw, 512px\" \/><figcaption class=\"wp-element-caption\"><em>Guernica<\/em>\u00a0(1936)<\/figcaption><\/figure>\n<\/div>\n\n\n<p>W\u00e4hrend dieser Zeit wurde Picasso in Frankreich regelm\u00e4\u00dfig von der Presse des Vichy-Regimes angegriffen und von der Gestapo \u00fcberwacht, was ihn 1944 dazu veranlasste, der Kommunistischen Partei Frankreichs beizutreten. 1952 schuf er in der Kapelle von Vallauris das majest\u00e4tische Gem\u00e4lde <em>Krieg und Frieden<\/em> und im gleichen Stil 1949 <em>Taube f\u00fcr den Frieden<\/em>. Er wurde zweimal mit dem Internationalen Friedenspreis ausgezeichnet (1951 und 1962).<\/p>\n\n\n<div class=\"wp-block-image\">\n<figure class=\"aligncenter is-resized\"><img decoding=\"async\" width=\"512\" height=\"237\" src=\"https:\/\/i0.wp.com\/blog.gymglish.com\/wp-content\/uploads\/2020\/11\/unnamed-1.jpg?resize=512%2C237&amp;ssl=1\" alt=\"\" class=\"wp-image-9108\" style=\"width:452px;height:auto\" srcset=\"https:\/\/i0.wp.com\/blog.gymglish.com\/wp-content\/uploads\/2020\/11\/unnamed-1.jpg?w=512&amp;ssl=1 512w, https:\/\/i0.wp.com\/blog.gymglish.com\/wp-content\/uploads\/2020\/11\/unnamed-1.jpg?resize=300%2C139&amp;ssl=1 300w\" sizes=\"(max-width: 512px) 100vw, 512px\" \/><figcaption class=\"wp-element-caption\"><em>La Guerre et la Paix<\/em>\u00a0(1952)<\/figcaption><\/figure>\n<\/div>\n\n\n<p>Im Laufe seines 91-j\u00e4hrigen Lebens signierte Picasso nicht weniger als 50.000 Werke, darunter 7.089 Zeichnungen und 2.880 Keramiken.<\/p>\n\n\n\n<p><em>Eine Sprache zu lernen bedeutet nicht nur, p\u00e4dagogische Konzepte zu beherrschen. Eine Sprache ist auch Kultur. F\u00fcr jeden unserer Sprachkurse (<a href=\"https:\/\/www.gymglish.com\/de\/gymglish?rfextension=BLOG\" target=\"_blank\" rel=\"noreferrer noopener\">Englischkurse<\/a>, <a href=\"https:\/\/www.gymglish.com\/de\/frantastique?rfextension=BLOG\" target=\"_blank\" rel=\"noreferrer noopener\">Franz\u00f6sischkurse<\/a>, <a href=\"https:\/\/www.gymglish.com\/de\/hotel-borbollon?rfextension=BLOG\" target=\"_blank\" rel=\"noreferrer noopener\">Spanischkurse<\/a> usw.) bieten wir unseren Nutzern ein eigenes Universum, ungew\u00f6hnliche Charaktere und kulturelle Elemente am Ende jeder Lektion.<\/em><\/p>\n\n\n\n<p><em>Finde die Auswahl dieses Artikels in den \u201eDesserts\u201c unseres <a href=\"https:\/\/www.gymglish.com\/de\/hotel-borbollon?rfextension=BLOG\">spanischen Kurses<\/a> Hotel Borboll\u00f3n: ausgew\u00e4hlte Fragmente der spanischen Kultur, um deine filmische, literarische oder musikalische Kultur zu bereichern.<\/em><br><\/p>\n\n\n\n<div class=\"wp-block-group a9-card-cta\"><div class=\"wp-block-group__inner-container is-layout-flow wp-block-group-is-layout-flow\">\n<h2 class=\"has-text-align-center wp-block-heading\" style=\"font-size:32px;font-style:normal;font-weight:300\">Lernen Sie Spanisch mit Hotel Borb\u00f3llon \ud83c\uddea\ud83c\uddf8<\/h2>\n\n\n\n<div class=\"wp-block-buttons is-content-justification-center is-layout-flex wp-container-core-buttons-is-layout-16018d1d wp-block-buttons-is-layout-flex\">\n<div class=\"wp-block-button has-custom-font-size is-style-fill btn-colorful btn-colorful-hb\" style=\"font-size:16px\"><a class=\"wp-block-button__link\" href=\"https:\/\/www.gymglish.com\/de\/hotel-borbollon\/gratis-test?rfextension=BLOG-CTA\" style=\"border-radius:50px\" target=\"_blank\" rel=\"noreferrer noopener\">KOSTENLOS TESTEN<\/a><\/div>\n<\/div>\n<\/div><\/div>\n\n\n\n<p><strong>Mehr zu diesem Thema<\/strong>:<\/p>\n\n\n\n<ul class=\"wp-block-list\">\n<li><a href=\"https:\/\/blog.gymglish.com\/de\/2021\/01\/19\/fuenf-englische-schimpfwoerter-fuer-anfaengerinnen\/\" target=\"_blank\" rel=\"noreferrer noopener\">F\u00fcnf englische Schimpfw\u00f6rter f\u00fcr Anf\u00e4nger*innen<\/a><\/li>\n\n\n\n<li><a href=\"https:\/\/blog.gymglish.com\/de\/2020\/11\/06\/kultureller-inhalte-beim-sprachenlernen\/\" target=\"_blank\" rel=\"noreferrer noopener\">Die Bedeutung kultureller Inhalte beim Sprachenlernen<\/a><\/li>\n\n\n\n<li><a href=\"https:\/\/blog.gymglish.com\/2020\/11\/27\/5-hispanic-artists\" target=\"_blank\" rel=\"noreferrer noopener\">5 Hispanic artists that helped shaped the world of art<br><\/a><\/li>\n<\/ul>\n","protected":false},"excerpt":{"rendered":"<p>Bei Gymglish beschr\u00e4nkt sich das Sprachenlernen nicht nur auf das Vermitteln von Vokabular, Grammatik oder Aussprache. Eine Sprache ist vor allem Ausdruck einer Kultur. Und zu einer Kultur geh\u00f6ren neben der Art, wie wir sprechen, leben und arbeiten, auch ihre K\u00fcnstler und Werke. Aus diesem Grund endet jede unserer Lektionen mit einem Auszug aus dem [&hellip;]<\/p>\n<a href=\"https:\/\/blog.gymglish.com\/de\/2024\/09\/24\/5-spanischsprachige-kuenstler\" class=\"more-link\">Weiterlesen...<\/a>","protected":false},"author":151524248,"featured_media":38469,"comment_status":"open","ping_status":"closed","sticky":false,"template":"","format":"standard","meta":{"_jetpack_newsletter_access":"","_jetpack_dont_email_post_to_subs":false,"_jetpack_newsletter_tier_id":0,"_jetpack_memberships_contains_paywalled_content":false,"_jetpack_memberships_contains_paid_content":false,"footnotes":"","jetpack_post_was_ever_published":false},"categories":[670779224,670779219],"tags":[670780559,670779420,670780121,670780122],"class_list":["post-44317","post","type-post","status-publish","format-standard","has-post-thumbnail","hentry","category-by-gymglish-de","category-learning-things-de","tag-kunstler","tag-lernen","tag-spanisch","tag-spanische-kultur","col-xs-12 col-sm-6 col-md-4"],"yoast_head":"<!-- This site is optimized with the Yoast SEO plugin v27.4 - https:\/\/yoast.com\/product\/yoast-seo-wordpress\/ -->\n<title>5 spanischsprachige K\u00fcnstler - The Gymglish blog<\/title>\n<meta name=\"description\" content=\"Heute wollen wir mit dir durch die Jahrhunderte und k\u00fcnstlerische Epochen reisen, auf der Suche nach spanischsprachigen K\u00fcnstlern.\" \/>\n<meta name=\"robots\" content=\"index, follow, max-snippet:-1, max-image-preview:large, max-video-preview:-1\" \/>\n<link rel=\"canonical\" href=\"https:\/\/blog.gymglish.com\/de\/2024\/09\/24\/5-spanischsprachige-kuenstler\" \/>\n<meta property=\"og:locale\" content=\"de_DE\" \/>\n<meta property=\"og:type\" content=\"article\" \/>\n<meta property=\"og:title\" content=\"5 spanischsprachige K\u00fcnstler - The Gymglish blog\" \/>\n<meta property=\"og:description\" content=\"Heute wollen wir mit dir durch die Jahrhunderte und k\u00fcnstlerische Epochen reisen, auf der Suche nach spanischsprachigen K\u00fcnstlern.\" \/>\n<meta property=\"og:url\" content=\"https:\/\/blog.gymglish.com\/de\/2024\/09\/24\/5-spanischsprachige-kuenstler\" \/>\n<meta property=\"og:site_name\" content=\"The Gymglish blog\" \/>\n<meta property=\"article:published_time\" content=\"2024-09-24T09:03:49+00:00\" \/>\n<meta property=\"article:modified_time\" content=\"2024-09-24T09:03:53+00:00\" \/>\n<meta property=\"og:image\" content=\"https:\/\/blog.gymglish.com\/wp-content\/uploads\/2020\/11\/Affiche-Hotel-70-ES-2-1024x680.png\" \/>\n\t<meta property=\"og:image:width\" content=\"1024\" \/>\n\t<meta property=\"og:image:height\" content=\"680\" \/>\n\t<meta property=\"og:image:type\" content=\"image\/png\" \/>\n<meta name=\"author\" content=\"Gymglish\" \/>\n<meta name=\"twitter:card\" content=\"summary_large_image\" \/>\n<meta name=\"twitter:label1\" content=\"Verfasst von\" \/>\n\t<meta name=\"twitter:data1\" content=\"Gymglish\" \/>\n\t<meta name=\"twitter:label2\" content=\"Gesch\u00e4tzte Lesezeit\" \/>\n\t<meta name=\"twitter:data2\" content=\"8\u00a0Minuten\" \/>\n<!-- \/ Yoast SEO plugin. -->","yoast_head_json":{"title":"5 spanischsprachige K\u00fcnstler - The Gymglish blog","description":"Heute wollen wir mit dir durch die Jahrhunderte und k\u00fcnstlerische Epochen reisen, auf der Suche nach spanischsprachigen K\u00fcnstlern.","robots":{"index":"index","follow":"follow","max-snippet":"max-snippet:-1","max-image-preview":"max-image-preview:large","max-video-preview":"max-video-preview:-1"},"canonical":"https:\/\/blog.gymglish.com\/de\/2024\/09\/24\/5-spanischsprachige-kuenstler","og_locale":"de_DE","og_type":"article","og_title":"5 spanischsprachige K\u00fcnstler - The Gymglish blog","og_description":"Heute wollen wir mit dir durch die Jahrhunderte und k\u00fcnstlerische Epochen reisen, auf der Suche nach spanischsprachigen K\u00fcnstlern.","og_url":"https:\/\/blog.gymglish.com\/de\/2024\/09\/24\/5-spanischsprachige-kuenstler","og_site_name":"The Gymglish blog","article_published_time":"2024-09-24T09:03:49+00:00","article_modified_time":"2024-09-24T09:03:53+00:00","og_image":[{"width":1024,"height":680,"url":"https:\/\/blog.gymglish.com\/wp-content\/uploads\/2020\/11\/Affiche-Hotel-70-ES-2-1024x680.png","type":"image\/png"}],"author":"Gymglish","twitter_card":"summary_large_image","twitter_misc":{"Verfasst von":"Gymglish","Gesch\u00e4tzte Lesezeit":"8\u00a0Minuten"},"schema":{"@context":"https:\/\/schema.org","@graph":[{"@type":"Article","@id":"https:\/\/blog.gymglish.com\/de\/2024\/09\/24\/5-spanischsprachige-kuenstler#article","isPartOf":{"@id":"https:\/\/blog.gymglish.com\/de\/2024\/09\/24\/5-spanischsprachige-kuenstler"},"author":{"name":"Gymglish","@id":"https:\/\/blog.gymglish.com\/#\/schema\/person\/4c136ff52a68c7ad4668c3f89546fd61"},"headline":"5 spanischsprachige K\u00fcnstler, die die Welt der Kunst gepr\u00e4gt haben","datePublished":"2024-09-24T09:03:49+00:00","dateModified":"2024-09-24T09:03:53+00:00","mainEntityOfPage":{"@id":"https:\/\/blog.gymglish.com\/de\/2024\/09\/24\/5-spanischsprachige-kuenstler"},"wordCount":1415,"commentCount":0,"image":{"@id":"https:\/\/blog.gymglish.com\/de\/2024\/09\/24\/5-spanischsprachige-kuenstler#primaryimage"},"thumbnailUrl":"https:\/\/i0.wp.com\/blog.gymglish.com\/wp-content\/uploads\/2020\/11\/Affiche-Hotel-70-ES-2.png?fit=3520%2C2339&ssl=1","keywords":["kunstler","lernen","Spanisch","spanische Kultur"],"articleSection":["by Gymglish","Learning things"],"inLanguage":"de","potentialAction":[{"@type":"CommentAction","name":"Comment","target":["https:\/\/blog.gymglish.com\/de\/2024\/09\/24\/5-spanischsprachige-kuenstler#respond"]}]},{"@type":"WebPage","@id":"https:\/\/blog.gymglish.com\/de\/2024\/09\/24\/5-spanischsprachige-kuenstler","url":"https:\/\/blog.gymglish.com\/de\/2024\/09\/24\/5-spanischsprachige-kuenstler","name":"5 spanischsprachige K\u00fcnstler - The Gymglish blog","isPartOf":{"@id":"https:\/\/blog.gymglish.com\/#website"},"primaryImageOfPage":{"@id":"https:\/\/blog.gymglish.com\/de\/2024\/09\/24\/5-spanischsprachige-kuenstler#primaryimage"},"image":{"@id":"https:\/\/blog.gymglish.com\/de\/2024\/09\/24\/5-spanischsprachige-kuenstler#primaryimage"},"thumbnailUrl":"https:\/\/i0.wp.com\/blog.gymglish.com\/wp-content\/uploads\/2020\/11\/Affiche-Hotel-70-ES-2.png?fit=3520%2C2339&ssl=1","datePublished":"2024-09-24T09:03:49+00:00","dateModified":"2024-09-24T09:03:53+00:00","author":{"@id":"https:\/\/blog.gymglish.com\/#\/schema\/person\/4c136ff52a68c7ad4668c3f89546fd61"},"description":"Heute wollen wir mit dir durch die Jahrhunderte und k\u00fcnstlerische Epochen reisen, auf der Suche nach spanischsprachigen K\u00fcnstlern.","breadcrumb":{"@id":"https:\/\/blog.gymglish.com\/de\/2024\/09\/24\/5-spanischsprachige-kuenstler#breadcrumb"},"inLanguage":"de","potentialAction":[{"@type":"ReadAction","target":["https:\/\/blog.gymglish.com\/de\/2024\/09\/24\/5-spanischsprachige-kuenstler"]}]},{"@type":"ImageObject","inLanguage":"de","@id":"https:\/\/blog.gymglish.com\/de\/2024\/09\/24\/5-spanischsprachige-kuenstler#primaryimage","url":"https:\/\/i0.wp.com\/blog.gymglish.com\/wp-content\/uploads\/2020\/11\/Affiche-Hotel-70-ES-2.png?fit=3520%2C2339&ssl=1","contentUrl":"https:\/\/i0.wp.com\/blog.gymglish.com\/wp-content\/uploads\/2020\/11\/Affiche-Hotel-70-ES-2.png?fit=3520%2C2339&ssl=1","width":3520,"height":2339},{"@type":"BreadcrumbList","@id":"https:\/\/blog.gymglish.com\/de\/2024\/09\/24\/5-spanischsprachige-kuenstler#breadcrumb","itemListElement":[{"@type":"ListItem","position":1,"name":"Home","item":"https:\/\/blog.gymglish.com\/de"},{"@type":"ListItem","position":2,"name":"by Gymglish","item":"https:\/\/blog.gymglish.com\/de\/category\/by-gymglish-de\/"},{"@type":"ListItem","position":3,"name":"5 spanischsprachige K\u00fcnstler, die die Welt der Kunst gepr\u00e4gt haben"}]},{"@type":"WebSite","@id":"https:\/\/blog.gymglish.com\/#website","url":"https:\/\/blog.gymglish.com\/","name":"The Gymglish blog","description":"","potentialAction":[{"@type":"SearchAction","target":{"@type":"EntryPoint","urlTemplate":"https:\/\/blog.gymglish.com\/?s={search_term_string}"},"query-input":{"@type":"PropertyValueSpecification","valueRequired":true,"valueName":"search_term_string"}}],"inLanguage":"de"},{"@type":"Person","@id":"https:\/\/blog.gymglish.com\/#\/schema\/person\/4c136ff52a68c7ad4668c3f89546fd61","name":"Gymglish","image":{"@type":"ImageObject","inLanguage":"de","@id":"https:\/\/secure.gravatar.com\/avatar\/0c11fffd2afa4dd8657d1c88cd35a1d1a98af54dfc2cf560347909a3cd2fab8f?s=96&d=identicon&r=g","url":"https:\/\/secure.gravatar.com\/avatar\/0c11fffd2afa4dd8657d1c88cd35a1d1a98af54dfc2cf560347909a3cd2fab8f?s=96&d=identicon&r=g","contentUrl":"https:\/\/secure.gravatar.com\/avatar\/0c11fffd2afa4dd8657d1c88cd35a1d1a98af54dfc2cf560347909a3cd2fab8f?s=96&d=identicon&r=g","caption":"Gymglish"},"description":"Laugh while you learn. Gymglish creates adaptive learning courses for languages and more. Our goal: your motivation, participation and progress.","sameAs":["http:\/\/bloggymglish.wordpress.com"],"url":"https:\/\/blog.gymglish.com\/de\/author\/gymglishblog"}]}},"jetpack_featured_media_url":"https:\/\/i0.wp.com\/blog.gymglish.com\/wp-content\/uploads\/2020\/11\/Affiche-Hotel-70-ES-2.png?fit=3520%2C2339&ssl=1","jetpack_sharing_enabled":true,"_links":{"self":[{"href":"https:\/\/blog.gymglish.com\/de\/wp-json\/wp\/v2\/posts\/44317","targetHints":{"allow":["GET"]}}],"collection":[{"href":"https:\/\/blog.gymglish.com\/de\/wp-json\/wp\/v2\/posts"}],"about":[{"href":"https:\/\/blog.gymglish.com\/de\/wp-json\/wp\/v2\/types\/post"}],"author":[{"embeddable":true,"href":"https:\/\/blog.gymglish.com\/de\/wp-json\/wp\/v2\/users\/151524248"}],"replies":[{"embeddable":true,"href":"https:\/\/blog.gymglish.com\/de\/wp-json\/wp\/v2\/comments?post=44317"}],"version-history":[{"count":13,"href":"https:\/\/blog.gymglish.com\/de\/wp-json\/wp\/v2\/posts\/44317\/revisions"}],"predecessor-version":[{"id":44332,"href":"https:\/\/blog.gymglish.com\/de\/wp-json\/wp\/v2\/posts\/44317\/revisions\/44332"}],"wp:featuredmedia":[{"embeddable":true,"href":"https:\/\/blog.gymglish.com\/de\/wp-json\/wp\/v2\/media\/38469"}],"wp:attachment":[{"href":"https:\/\/blog.gymglish.com\/de\/wp-json\/wp\/v2\/media?parent=44317"}],"wp:term":[{"taxonomy":"category","embeddable":true,"href":"https:\/\/blog.gymglish.com\/de\/wp-json\/wp\/v2\/categories?post=44317"},{"taxonomy":"post_tag","embeddable":true,"href":"https:\/\/blog.gymglish.com\/de\/wp-json\/wp\/v2\/tags?post=44317"}],"curies":[{"name":"wp","href":"https:\/\/api.w.org\/{rel}","templated":true}]}}